{"id":13722,"date":"2025-07-01T17:04:05","date_gmt":"2025-07-01T15:04:05","guid":{"rendered":"https:\/\/pasaenmendoza.com\/?p=13722"},"modified":"2025-07-01T17:04:06","modified_gmt":"2025-07-01T15:04:06","slug":"uncuyo-los-colegios-tendran-clases-este-martes-por-la-tarde","status":"publish","type":"post","link":"https:\/\/pasaenmendoza.com\/?p=13722","title":{"rendered":"UNCuyo: los colegios tendr\u00e1n clases este martes por la tarde"},"content":{"rendered":"\n<p>Autoridades de la&nbsp;<strong>UNCUYO<\/strong>&nbsp;comunicaron que&nbsp;<strong>reanudar\u00e1n la actividad presencial para el turno tarde del martes 1 de julio<\/strong>&nbsp;en las escuelas dependientes de la Casa de Estudios.<\/p>\n\n\n\n<p>Es una decisi\u00f3n que se tom\u00f3 en consonancia con lo resuelto por la Direcci\u00f3n General de Escuelas.<\/p>\n\n\n\n<p>La medida alcanza tanto al\u00a0<strong>Colegio Universitario Central<\/strong>\u00a0(CUC), como al\u00a0<strong>Departamento de Aplicaci\u00f3n Docente<\/strong>\u00a0(DAD),\u00a0<strong>Magisterio, Mart\u00edn Zapata<\/strong>\u00a0y<strong>\u00a0Escuela Vera Arenas<\/strong>.<\/p>\n\n\n\n<p>Como es habitual, Liceo Agr\u00edcola y la Escuela de Agricultura de General Alvear no tienen actividad por la tarde.<\/p>\n\n\n\n<p><strong>Fuente: www.elsol.com.ar<\/strong><\/p>\n","protected":false},"excerpt":{"rendered":"<p>Autoridades de la&nbsp;UNCUYO&nbsp;comunicaron que&nbsp;reanudar\u00e1n la actividad presencial para el turno tarde del martes 1 de julio&nbsp;en las escuelas dependientes de la Casa de Estudios. Es una decisi\u00f3n que se tom\u00f3 en consonancia con lo resuelto por la Direcci\u00f3n General de Escuelas. La medida alcanza tanto al\u00a0Colegio Universitario Central\u00a0(CUC), como al\u00a0Departamento de Aplicaci\u00f3n Docente\u00a0(DAD),\u00a0Magisterio, Mart\u00edn Zapata\u00a0y\u00a0Escuela [&hellip;]<\/p>\n","protected":false},"author":2,"featured_media":13723,"comment_status":"open","ping_status":"open","sticky":false,"template":"","format":"standard","meta":[],"categories":[121],"tags":[],"_links":{"self":[{"href":"https:\/\/pasaenmendoza.com\/index.php?rest_route=\/wp\/v2\/posts\/13722"}],"collection":[{"href":"https:\/\/pasaenmendoza.com\/index.php?rest_route=\/wp\/v2\/posts"}],"about":[{"href":"https:\/\/pasaenmendoza.com\/index.php?rest_route=\/wp\/v2\/types\/post"}],"author":[{"embeddable":true,"href":"https:\/\/pasaenmendoza.com\/index.php?rest_route=\/wp\/v2\/users\/2"}],"replies":[{"embeddable":true,"href":"https:\/\/pasaenmendoza.com\/index.php?rest_route=%2Fwp%2Fv2%2Fcomments&post=13722"}],"version-history":[{"count":1,"href":"https:\/\/pasaenmendoza.com\/index.php?rest_route=\/wp\/v2\/posts\/13722\/revisions"}],"predecessor-version":[{"id":13724,"href":"https:\/\/pasaenmendoza.com\/index.php?rest_route=\/wp\/v2\/posts\/13722\/revisions\/13724"}],"wp:featuredmedia":[{"embeddable":true,"href":"https:\/\/pasaenmendoza.com\/index.php?rest_route=\/wp\/v2\/media\/13723"}],"wp:attachment":[{"href":"https:\/\/pasaenmendoza.com\/index.php?rest_route=%2Fwp%2Fv2%2Fmedia&parent=13722"}],"wp:term":[{"taxonomy":"category","embeddable":true,"href":"https:\/\/pasaenmendoza.com\/index.php?rest_route=%2Fwp%2Fv2%2Fcategories&post=13722"},{"taxonomy":"post_tag","embeddable":true,"href":"https:\/\/pasaenmendoza.com\/index.php?rest_route=%2Fwp%2Fv2%2Ftags&post=13722"}],"curies":[{"name":"wp","href":"https:\/\/api.w.org\/{rel}","templated":true}]}}