{"id":13728,"date":"2025-07-01T20:05:10","date_gmt":"2025-07-01T18:05:10","guid":{"rendered":"https:\/\/pasaenmendoza.com\/?p=13728"},"modified":"2025-07-01T20:05:11","modified_gmt":"2025-07-01T18:05:11","slug":"el-motivo-por-el-que-muchos-hogares-tienen-baja-presion-de-gas-y-problemas-para-calefaccionarse","status":"publish","type":"post","link":"https:\/\/pasaenmendoza.com\/?p=13728","title":{"rendered":"El motivo por el que muchos hogares tienen baja presi\u00f3n de gas y problemas para calefaccionarse"},"content":{"rendered":"\n<p>La\u00a0<strong>ola polar<\/strong>\u00a0que afecta a la provincia provoc\u00f3 un aumento en el consumo de\u00a0<strong>gas<\/strong>\u00a0que llega al 30% en los \u00faltimos 10 d\u00edas. Los mendocinos eligen este sistema debido a que los costos son menores si se compara con los m\u00e9todos que utilizan electricidad. Sin embargo, las \u00faltimas horas cientos de hogares tuvieron problemas para calefaccionarse debido a la baja presi\u00f3n.<\/p>\n\n\n\n<p>&#8220;Todo el sistema de distribuci\u00f3n de\u00a0<strong>gas<\/strong>\u00a0est\u00e1 transitando un pico de consumo. Para tener un par\u00e1metro, en estos dos \u00faltimos d\u00edas el consumo se increment\u00f3 un 30% en los \u00faltimos diez d\u00edas y un 10% respecto a los picos m\u00e1ximos&#8221;, informaron desde la empresa\u00a0Ecogas.<\/p>\n\n\n\n<p>Por otra parte, Ecogas ha sido informada en el d\u00eda de la fecha por parte de productoras de gas que est\u00e1n sufriendo inconvenientes de fuerza mayor, lo que no les permite proveer la cantidad de gas requerida para afrontar este aumento de consumo. Desde la empresa informaron que &#8220;se est\u00e1n tomando distintas medidas para morigerar la situaci\u00f3n. Como primera medida, la priorizaci\u00f3n del consumo residencial, por lo cual se han producido restricciones en los servicios de contratos semifirmes y de manera permanente se eval\u00faa la performance del sistema por si es necesario tomar nuevas medidas&#8221;.<\/p>\n\n\n\n<p>&#8220;Esta alta demanda de consumo genera en algunas localidades situaciones puntuales de baja presi\u00f3n y\/o falta de servicio y se est\u00e1 trabajando de manera permanente para la m\u00e1s pronta rehabilitaci\u00f3n del servicio en esas situaciones puntuales&#8221;, agregaron.<\/p>\n\n\n\n<h2 class=\"wp-block-heading\">D\u00f3nde realizar los reclamos<\/h2>\n\n\n\n<p>Desde Ecogas informaron que los usuarios que verifiquen alguna de las situaciones mencionadas, pueden comunicarse con el 0800 999 1600 para que se registre el caso y pueda ser atendido a la brevedad posible.<\/p>\n\n\n\n<p><strong>Fuente: www.mdzol.com<\/strong><\/p>\n","protected":false},"excerpt":{"rendered":"<p>La\u00a0ola polar\u00a0que afecta a la provincia provoc\u00f3 un aumento en el consumo de\u00a0gas\u00a0que llega al 30% en los \u00faltimos 10 d\u00edas. Los mendocinos eligen este sistema debido a que los costos son menores si se compara con los m\u00e9todos que utilizan electricidad. Sin embargo, las \u00faltimas horas cientos de hogares tuvieron problemas para calefaccionarse debido [&hellip;]<\/p>\n","protected":false},"author":2,"featured_media":13729,"comment_status":"open","ping_status":"open","sticky":false,"template":"","format":"standard","meta":[],"categories":[50],"tags":[],"_links":{"self":[{"href":"https:\/\/pasaenmendoza.com\/index.php?rest_route=\/wp\/v2\/posts\/13728"}],"collection":[{"href":"https:\/\/pasaenmendoza.com\/index.php?rest_route=\/wp\/v2\/posts"}],"about":[{"href":"https:\/\/pasaenmendoza.com\/index.php?rest_route=\/wp\/v2\/types\/post"}],"author":[{"embeddable":true,"href":"https:\/\/pasaenmendoza.com\/index.php?rest_route=\/wp\/v2\/users\/2"}],"replies":[{"embeddable":true,"href":"https:\/\/pasaenmendoza.com\/index.php?rest_route=%2Fwp%2Fv2%2Fcomments&post=13728"}],"version-history":[{"count":1,"href":"https:\/\/pasaenmendoza.com\/index.php?rest_route=\/wp\/v2\/posts\/13728\/revisions"}],"predecessor-version":[{"id":13730,"href":"https:\/\/pasaenmendoza.com\/index.php?rest_route=\/wp\/v2\/posts\/13728\/revisions\/13730"}],"wp:featuredmedia":[{"embeddable":true,"href":"https:\/\/pasaenmendoza.com\/index.php?rest_route=\/wp\/v2\/media\/13729"}],"wp:attachment":[{"href":"https:\/\/pasaenmendoza.com\/index.php?rest_route=%2Fwp%2Fv2%2Fmedia&parent=13728"}],"wp:term":[{"taxonomy":"category","embeddable":true,"href":"https:\/\/pasaenmendoza.com\/index.php?rest_route=%2Fwp%2Fv2%2Fcategories&post=13728"},{"taxonomy":"post_tag","embeddable":true,"href":"https:\/\/pasaenmendoza.com\/index.php?rest_route=%2Fwp%2Fv2%2Ftags&post=13728"}],"curies":[{"name":"wp","href":"https:\/\/api.w.org\/{rel}","templated":true}]}}