{"id":13731,"date":"2025-07-01T20:09:12","date_gmt":"2025-07-01T18:09:12","guid":{"rendered":"https:\/\/pasaenmendoza.com\/?p=13731"},"modified":"2025-07-01T20:09:13","modified_gmt":"2025-07-01T18:09:13","slug":"escuelas-de-invierno-en-ciudad-una-opcion-gratuita-para-pasar-el-receso-escolar","status":"publish","type":"post","link":"https:\/\/pasaenmendoza.com\/?p=13731","title":{"rendered":"Escuelas de Invierno en Ciudad: una opci\u00f3n gratuita para pasar el receso escolar"},"content":{"rendered":"\n<p>Con la llegada del receso escolar, la\u00a0<strong>Ciudad de Mendoza<\/strong>\u00a0pone en marcha una nueva edici\u00f3n del\u00a0<strong>programa Escuelas de Invierno<\/strong>, una iniciativa que busca generar espacios de contenci\u00f3n, aprendizaje y recreaci\u00f3n en distintos barrios de la capital.<\/p>\n\n\n\n<p>Las\u00a0<strong>actividades se desarrollar\u00e1n entre el 7 y el 18 de julio<\/strong>, con propuestas culturales, deportivas, educativas y l\u00fadicas pensadas para todas las edades. Ser\u00e1n en ambientes seguros y con enfoque comunitario.<\/p>\n\n\n\n<p>El programa contempla\u00a0<strong>acciones abiertas y gratuitas para ni\u00f1as, ni\u00f1os, adolescentes, adultos y personas mayores<\/strong>, con la intenci\u00f3n de acompa\u00f1ar a las familias durante las\u00a0<strong>vacaciones<\/strong>\u00a0y promover la integraci\u00f3n social a trav\u00e9s del juego, el deporte y la cultura.<\/p>\n\n\n\n<p><strong>Espacios y actividades de Escuelas de Invierno 2025<\/strong><\/p>\n\n\n\n<p>\u25cf\u00a0<strong>CIC N\u00ba 2 &#8211; Barrio Soberan\u00eda Nacional<\/strong><br>Del 7 al 10 de julio, de 10 a 16 h, se realizar\u00e1n m\u00faltiples\u00a0actividades\u00a0recreativas y deportivas destinadas a toda la comunidad.<\/p>\n\n\n\n<p><strong>Cronograma destacado:<\/strong><\/p>\n\n\n\n<ul>\n<li>Ni\u00f1as y ni\u00f1os: lunes 7, martes 8 y jueves 10, de 10.00 a 12.30 h.<\/li>\n\n\n\n<li>Torneo Gambeta de Barrio: lunes 7, martes 8 y mi\u00e9rcoles 9, de 14.00 a 16.00 h.<\/li>\n\n\n\n<li>Ritmo Mujeres: martes 8 y jueves 10, de 15.00 a 16.00 h.<\/li>\n\n\n\n<li>V\u00f3ley Adolescentes: lunes 7, martes 8 y jueves 10, de 14.30 a 16.00 h.<\/li>\n\n\n\n<li>Personas Mayores: martes 8 y jueves 10, de 10.30 a 11.30 h.<\/li>\n<\/ul>\n\n\n\n<p>\u25cf<strong>&nbsp;Gimnasio Municipal N\u00ba 4 &#8211; Barrio San Mart\u00edn<\/strong><br>Del 7 al 18 de julio, los martes y jueves de 16 a 18 h, se desarrollar\u00e1 la&nbsp;<strong>Escuela de Invierno<\/strong>&nbsp;destinada a ni\u00f1as y ni\u00f1os de 4 a 12 a\u00f1os que ya participan habitualmente del espacio. Se realizar\u00e1n actividades recreativas y deportivas, con salidas programadas por distintos puntos de la&nbsp;<strong>Ciudad<\/strong>.<\/p>\n\n\n\n<p>\u25cf\u00a0<strong>Gimnasio Municipal N\u00ba 5 &#8211; Barrio La Favorita<\/strong><br>Tambi\u00e9n del 7 al 18 de julio, los martes y jueves de 15 a 17 h, funcionar\u00e1 esta escuela de invierno con propuestas recreativas para ni\u00f1as y ni\u00f1os de 5 a 12 a\u00f1os, que incluir\u00e1n juegos, deportes y paseos por la Ciudad de Mendoza.<\/p>\n\n\n\n<p><strong>NIDO de Aventuras en Vacaciones: cuarta edici\u00f3n de una propuesta solidaria<\/strong><\/p>\n\n\n\n<p>En paralelo al programa Escuelas de Invierno, la Ciudad llevar\u00e1 adelante por cuarto a\u00f1o consecutivo&nbsp;<strong>NIDO de Aventuras en Vacaciones<\/strong>, una iniciativa que combina recreaci\u00f3n y compromiso social. Se desarrollar\u00e1 durante la primera semana del receso escolar en el N\u00facleo de Innovaci\u00f3n y Desarrollo de Oportunidades (NIDO) del barrio Flores-Olivares, con actividades dirigidas a ni\u00f1as y ni\u00f1os de 5 a 16 a\u00f1os.<\/p>\n\n\n\n<p>La propuesta cuenta con el apoyo de organizaciones sociales, empresas y entidades educativas que colaboran en el desarrollo de las jornadas. Este a\u00f1o se suman: Club de Leones Mendoza, CAE Ventanas de Flores, Fundaci\u00f3n Marea Azul, Fundaci\u00f3n Alameda, la Secretar\u00eda de Extensi\u00f3n de la UNCuyo, Panificadora La Porte, Mercado Cooperativo de Guaymall\u00e9n y Carrefour.<\/p>\n\n\n\n<p>Con estas acciones, la<strong>\u00a0Ciudad de Mendoza\u00a0<\/strong>reafirma su compromiso con<strong>\u00a0la ni\u00f1ez, la inclusi\u00f3n y el desarrollo social<\/strong>, ofreciendo propuestas de calidad durante las\u00a0<strong>vacaciones de invierno<\/strong>.<\/p>\n\n\n\n<p><strong>Fuente: www.diariomendoza.com.ar<\/strong><\/p>\n","protected":false},"excerpt":{"rendered":"<p>Con la llegada del receso escolar, la\u00a0Ciudad de Mendoza\u00a0pone en marcha una nueva edici\u00f3n del\u00a0programa Escuelas de Invierno, una iniciativa que busca generar espacios de contenci\u00f3n, aprendizaje y recreaci\u00f3n en distintos barrios de la capital. Las\u00a0actividades se desarrollar\u00e1n entre el 7 y el 18 de julio, con propuestas culturales, deportivas, educativas y l\u00fadicas pensadas para [&hellip;]<\/p>\n","protected":false},"author":2,"featured_media":13732,"comment_status":"open","ping_status":"open","sticky":false,"template":"","format":"standard","meta":[],"categories":[50],"tags":[],"_links":{"self":[{"href":"https:\/\/pasaenmendoza.com\/index.php?rest_route=\/wp\/v2\/posts\/13731"}],"collection":[{"href":"https:\/\/pasaenmendoza.com\/index.php?rest_route=\/wp\/v2\/posts"}],"about":[{"href":"https:\/\/pasaenmendoza.com\/index.php?rest_route=\/wp\/v2\/types\/post"}],"author":[{"embeddable":true,"href":"https:\/\/pasaenmendoza.com\/index.php?rest_route=\/wp\/v2\/users\/2"}],"replies":[{"embeddable":true,"href":"https:\/\/pasaenmendoza.com\/index.php?rest_route=%2Fwp%2Fv2%2Fcomments&post=13731"}],"version-history":[{"count":1,"href":"https:\/\/pasaenmendoza.com\/index.php?rest_route=\/wp\/v2\/posts\/13731\/revisions"}],"predecessor-version":[{"id":13733,"href":"https:\/\/pasaenmendoza.com\/index.php?rest_route=\/wp\/v2\/posts\/13731\/revisions\/13733"}],"wp:featuredmedia":[{"embeddable":true,"href":"https:\/\/pasaenmendoza.com\/index.php?rest_route=\/wp\/v2\/media\/13732"}],"wp:attachment":[{"href":"https:\/\/pasaenmendoza.com\/index.php?rest_route=%2Fwp%2Fv2%2Fmedia&parent=13731"}],"wp:term":[{"taxonomy":"category","embeddable":true,"href":"https:\/\/pasaenmendoza.com\/index.php?rest_route=%2Fwp%2Fv2%2Fcategories&post=13731"},{"taxonomy":"post_tag","embeddable":true,"href":"https:\/\/pasaenmendoza.com\/index.php?rest_route=%2Fwp%2Fv2%2Ftags&post=13731"}],"curies":[{"name":"wp","href":"https:\/\/api.w.org\/{rel}","templated":true}]}}