{"id":13737,"date":"2025-07-02T14:58:03","date_gmt":"2025-07-02T12:58:03","guid":{"rendered":"https:\/\/pasaenmendoza.com\/?p=13737"},"modified":"2025-07-02T14:58:04","modified_gmt":"2025-07-02T12:58:04","slug":"el-tiempo-en-mendoza-para-este-miercoles-sube-la-temperatura-pero-hay-zonas-que-siguen-bajo-alerta","status":"publish","type":"post","link":"https:\/\/pasaenmendoza.com\/?p=13737","title":{"rendered":"El tiempo en Mendoza para este mi\u00e9rcoles: sube la temperatura, pero hay zonas que siguen bajo alerta"},"content":{"rendered":"\n<p>La<strong>&nbsp;temperatura m\u00e1xima<\/strong>&nbsp;subir\u00e1 este mi\u00e9rcoles&nbsp;<strong>hasta los 10 grados cent\u00edgrados<\/strong>, mientras que la m\u00ednima volver\u00e1 a situarse por debajo del cero:&nbsp;<strong>-2 grados cent\u00edgrados<\/strong>.<\/p>\n\n\n\n<p>El pron\u00f3stico de la Direcci\u00f3n de Contingencias Clim\u00e1ticas adelant\u00f3 que habr\u00e1 \u201c<em>poca nubosidad y fr\u00edo con heladas, vientos leves del noreste<\/em>\u201c.<\/p>\n\n\n\n<p>En el caso de la alta monta\u00f1a: \u201c<em>Poco nuboso en cordillera<\/em>\u201c.<\/p>\n\n\n\n<p>Respecto al viento, se espera un estado ventoso en la franja Este de la provincia en forma leve desde el amanecer. Posiblemente, aumento a moderado desde el mediod\u00eda y se extender\u00e1 al Gran Mendoza, Valle de Uco y zona Sur. Se mantendr\u00e1 as\u00eda hasta las 21.<\/p>\n\n\n\n<h2 class=\"wp-block-heading\" id=\"h-mendoza-sigue-bajo-alerta-por-temperaturas-extremas\">Mendoza sigue bajo alerta por temperaturas extremas<\/h2>\n\n\n\n<p>La advertencia del Servicio Meteorol\u00f3gico Nacional afecta en nivel amarillo (efecto leve a moderado para la salud) para las siguientes zonas:<\/p>\n\n\n\n<ul>\n<li>Cordilleras de Las Heras, de Luj\u00e1n de Cuyo, de Tupungato, de San Carlos, de Tunuy\u00e1n, de Malarg\u00fce y de San Rafael.<\/li>\n\n\n\n<li>Capital, Godoy Cruz, Guaymall\u00e9n y Maip\u00fa.<\/li>\n\n\n\n<li>Este de Las Heras, Lavalle, San Mart\u00edn, Rivadavia, Jun\u00edn, Santa Rosa, Valles de Luj\u00e1n de Cuyo, Valles de San Carlos y de Tunuy\u00e1n.<\/li>\n\n\n\n<li>Zona baja de Malarg\u00fce.<\/li>\n<\/ul>\n\n\n\n<p>Y en nivel naranja (las temperaturas pueden ser muy peligrosas para la salud), se encuentran:<\/p>\n\n\n\n<ul>\n<li>General Alvear y zona baja de San Rafael.<\/li>\n<\/ul>\n\n\n\n<p><strong>Fuente: www.elsol.com.ar<\/strong><\/p>\n","protected":false},"excerpt":{"rendered":"<p>La&nbsp;temperatura m\u00e1xima&nbsp;subir\u00e1 este mi\u00e9rcoles&nbsp;hasta los 10 grados cent\u00edgrados, mientras que la m\u00ednima volver\u00e1 a situarse por debajo del cero:&nbsp;-2 grados cent\u00edgrados. El pron\u00f3stico de la Direcci\u00f3n de Contingencias Clim\u00e1ticas adelant\u00f3 que habr\u00e1 \u201cpoca nubosidad y fr\u00edo con heladas, vientos leves del noreste\u201c. En el caso de la alta monta\u00f1a: \u201cPoco nuboso en cordillera\u201c. Respecto al [&hellip;]<\/p>\n","protected":false},"author":2,"featured_media":13738,"comment_status":"open","ping_status":"open","sticky":false,"template":"","format":"standard","meta":[],"categories":[52],"tags":[],"_links":{"self":[{"href":"https:\/\/pasaenmendoza.com\/index.php?rest_route=\/wp\/v2\/posts\/13737"}],"collection":[{"href":"https:\/\/pasaenmendoza.com\/index.php?rest_route=\/wp\/v2\/posts"}],"about":[{"href":"https:\/\/pasaenmendoza.com\/index.php?rest_route=\/wp\/v2\/types\/post"}],"author":[{"embeddable":true,"href":"https:\/\/pasaenmendoza.com\/index.php?rest_route=\/wp\/v2\/users\/2"}],"replies":[{"embeddable":true,"href":"https:\/\/pasaenmendoza.com\/index.php?rest_route=%2Fwp%2Fv2%2Fcomments&post=13737"}],"version-history":[{"count":1,"href":"https:\/\/pasaenmendoza.com\/index.php?rest_route=\/wp\/v2\/posts\/13737\/revisions"}],"predecessor-version":[{"id":13739,"href":"https:\/\/pasaenmendoza.com\/index.php?rest_route=\/wp\/v2\/posts\/13737\/revisions\/13739"}],"wp:featuredmedia":[{"embeddable":true,"href":"https:\/\/pasaenmendoza.com\/index.php?rest_route=\/wp\/v2\/media\/13738"}],"wp:attachment":[{"href":"https:\/\/pasaenmendoza.com\/index.php?rest_route=%2Fwp%2Fv2%2Fmedia&parent=13737"}],"wp:term":[{"taxonomy":"category","embeddable":true,"href":"https:\/\/pasaenmendoza.com\/index.php?rest_route=%2Fwp%2Fv2%2Fcategories&post=13737"},{"taxonomy":"post_tag","embeddable":true,"href":"https:\/\/pasaenmendoza.com\/index.php?rest_route=%2Fwp%2Fv2%2Ftags&post=13737"}],"curies":[{"name":"wp","href":"https:\/\/api.w.org\/{rel}","templated":true}]}}