{"id":13740,"date":"2025-07-02T15:03:39","date_gmt":"2025-07-02T13:03:39","guid":{"rendered":"https:\/\/pasaenmendoza.com\/?p=13740"},"modified":"2025-07-02T15:03:40","modified_gmt":"2025-07-02T13:03:40","slug":"seran-ubicadas-en-hogares-estatales-las-hijas-de-la-descuartizadora-de-guaymallen","status":"publish","type":"post","link":"https:\/\/pasaenmendoza.com\/?p=13740","title":{"rendered":"Ser\u00e1n ubicadas en hogares estatales las hijas de la &#8220;descuartizadora&#8221; de Guaymall\u00e9n"},"content":{"rendered":"\n<p>Las cinco hijas de\u00a0<strong>Adriana Valeria Su\u00e1rez<\/strong>, la mujer\u00a0acusada de asesinar, descuartizar y quemar\u00a0a su inquilino en Guaymall\u00e9n, fueron trasladadas a hogares estatales. La decisi\u00f3n fue tomada por el Ministerio de Educaci\u00f3n, Cultura e Infancias luego de evaluar su situaci\u00f3n familiar y constatar que<strong>\u00a0no existe una red de contenci\u00f3n que garantice su bienestar<\/strong>.<\/p>\n\n\n\n<p>Un informe interdisciplinario determin\u00f3 que<strong>&nbsp;las ni\u00f1as atravesaron episodios graves de negligencia, maltrato cr\u00f3nico y exposici\u00f3n a violencia extrema<\/strong>. Ante este contexto, se resolvi\u00f3 su ingreso institucional como medida de protecci\u00f3n excepcional.<\/p>\n\n\n\n<p>Las dos mayores, de 13 y 15 a\u00f1os, fueron separadas de sus hermanas menores -de 11, 9 y 7 a\u00f1os- debido a sus distintas etapas madurativas, aunque se busca mantener el v\u00ednculo entre ellas.<\/p>\n\n\n\n<p>La evaluaci\u00f3n se realiz\u00f3 en articulaci\u00f3n con el Programa de Maltrato Infantil y Salud Mental del Hospital Carrillo.&nbsp;<strong>Los equipos t\u00e9cnicos se\u00f1alaron que las ni\u00f1as presentaban secuelas emocionales y conductuales producto del entorno en el que viv\u00edan.<\/strong><\/p>\n\n\n\n<p>Su\u00e1rez, que ten\u00eda prisi\u00f3n domiciliaria por una causa previa de robo agravado, estaba a cargo de sus hijas, pero los informes escolares alertaban sobre ausencias reiteradas. Adem\u00e1s, vecinos denunciaron que las menores pasaban muchas horas en la calle sin supervisi\u00f3n adulta.<\/p>\n\n\n\n<p>Por el momento, el Estado provincial continuar\u00e1 acompa\u00f1ando a las ni\u00f1as con un abordaje integral mientras se exploran alternativas que garanticen su desarrollo f\u00edsico y emocional en condiciones seguras.<\/p>\n\n\n\n<p><strong>Fuente: www.mendozapost.com<\/strong><\/p>\n","protected":false},"excerpt":{"rendered":"<p>Las cinco hijas de\u00a0Adriana Valeria Su\u00e1rez, la mujer\u00a0acusada de asesinar, descuartizar y quemar\u00a0a su inquilino en Guaymall\u00e9n, fueron trasladadas a hogares estatales. La decisi\u00f3n fue tomada por el Ministerio de Educaci\u00f3n, Cultura e Infancias luego de evaluar su situaci\u00f3n familiar y constatar que\u00a0no existe una red de contenci\u00f3n que garantice su bienestar. Un informe interdisciplinario [&hellip;]<\/p>\n","protected":false},"author":2,"featured_media":13741,"comment_status":"open","ping_status":"open","sticky":false,"template":"","format":"standard","meta":[],"categories":[48],"tags":[],"_links":{"self":[{"href":"https:\/\/pasaenmendoza.com\/index.php?rest_route=\/wp\/v2\/posts\/13740"}],"collection":[{"href":"https:\/\/pasaenmendoza.com\/index.php?rest_route=\/wp\/v2\/posts"}],"about":[{"href":"https:\/\/pasaenmendoza.com\/index.php?rest_route=\/wp\/v2\/types\/post"}],"author":[{"embeddable":true,"href":"https:\/\/pasaenmendoza.com\/index.php?rest_route=\/wp\/v2\/users\/2"}],"replies":[{"embeddable":true,"href":"https:\/\/pasaenmendoza.com\/index.php?rest_route=%2Fwp%2Fv2%2Fcomments&post=13740"}],"version-history":[{"count":1,"href":"https:\/\/pasaenmendoza.com\/index.php?rest_route=\/wp\/v2\/posts\/13740\/revisions"}],"predecessor-version":[{"id":13742,"href":"https:\/\/pasaenmendoza.com\/index.php?rest_route=\/wp\/v2\/posts\/13740\/revisions\/13742"}],"wp:featuredmedia":[{"embeddable":true,"href":"https:\/\/pasaenmendoza.com\/index.php?rest_route=\/wp\/v2\/media\/13741"}],"wp:attachment":[{"href":"https:\/\/pasaenmendoza.com\/index.php?rest_route=%2Fwp%2Fv2%2Fmedia&parent=13740"}],"wp:term":[{"taxonomy":"category","embeddable":true,"href":"https:\/\/pasaenmendoza.com\/index.php?rest_route=%2Fwp%2Fv2%2Fcategories&post=13740"},{"taxonomy":"post_tag","embeddable":true,"href":"https:\/\/pasaenmendoza.com\/index.php?rest_route=%2Fwp%2Fv2%2Ftags&post=13740"}],"curies":[{"name":"wp","href":"https:\/\/api.w.org\/{rel}","templated":true}]}}