{"id":1375,"date":"2023-09-12T14:06:24","date_gmt":"2023-09-12T12:06:24","guid":{"rendered":"https:\/\/pasaenmendoza.com\/?p=1375"},"modified":"2023-09-12T14:06:26","modified_gmt":"2023-09-12T12:06:26","slug":"dia-hora-y-todo-lo-que-hay-que-saber-del-debate-entre-los-candidatos-a-gobernador-de-mendoza","status":"publish","type":"post","link":"https:\/\/pasaenmendoza.com\/?p=1375","title":{"rendered":"D\u00eda, hora y todo lo que hay que saber del debate entre los candidatos a Gobernador de Mendoza."},"content":{"rendered":"\n<p>Este domingo desde las 20.30, se llevar\u00e1 a cabo el debate entre los candidatos a Gobernador y Vicegobernador en la provincia. Es una ley y es obligatorio.<\/p>\n\n\n\n<p>El pr\u00f3ximo domingo 17 de septiembre, una semana antes de las&nbsp;<a href=\"https:\/\/www.mdzol.com\/temas\/elecciones-439.html\"><strong>elecciones generales<\/strong><\/a>&nbsp;en Mendoza, se realizar\u00e1 el&nbsp;<strong><a href=\"https:\/\/www.mdzol.com\/temas\/debate-2756.html\">debate<\/a>&nbsp;<\/strong>entre los candidatos a Gobernador de la provincia.<\/p>\n\n\n\n<p>Jorge Albarrac\u00edn, secretario de la Junta Electoral, explic\u00f3 a\u00a0<a href=\"https:\/\/mdzradio.com\/\">MDZ Radio<\/a>: \u201cEl\u00a0<strong>debate\u00a0<\/strong>de los candidatos es el pr\u00f3ximo domingo a las 20.30, en el Julio Le Parc. Son cuatro bloques para los candidatos a gobernador y un bloque m\u00e1s para los candidatos a vicegobernador. Cada bloque tiene una tem\u00e1tica particular. Despu\u00e9s va a haber un bloque final que es un poco la despedida del candidato o el anuncio de por qu\u00e9 la ciudadan\u00eda lo tiene que votar\u201d.<\/p>\n\n\n\n<p>\u201cM\u00e1s que todo estamos tratando de que sea una exposici\u00f3n; no queremos que no quede en claro la exposici\u00f3n de cada uno\u201d, respondi\u00f3 respecto de la posibilidad de un intercambio entre los candidatos.<\/p>\n\n\n\n<p>Albarrac\u00edn confirm\u00f3 que \u201ces una ley (se sancion\u00f3 a principios de julio de este a\u00f1o) y es obligatorio. Estamos trabajando a contrarreloj para poder hacerlo de la mejor manera. Se ha tomado como modelo el debate presidencial. Ya hemos tenido tres reuniones con los apoderados de los partidos pol\u00edticos y en general hay bastantes acuerdos. Hemos tenido poco tiempo, pero han sido reuniones bastante fruct\u00edferas\u201d.<\/p>\n\n\n\n<p>Adem\u00e1s, se\u00f1al\u00f3 que \u201cse sortea todo: el orden de aparici\u00f3n, la ubicaci\u00f3n en el escenario, el temario y tambi\u00e9n el \u00faltimo bloque\u201d.<\/p>\n\n\n\n<p>Respecto de los moderadores, si bien aseguro que \u201ctodav\u00eda no los tenemos\u201d, adelant\u00f3 que \u2013\u201cvan a ser dos duplas del Canal 9, las otras dos duplas del Canal 7 y la dupla de los vicegobernadores Medios Andinos\u201d.<\/p>\n\n\n\n<h2 class=\"wp-block-heading\">Camino a las generales<\/h2>\n\n\n\n<p>\u201cEste martes las boletas f\u00edsicas ya van a estar en Mendoza y empieza a armarse todo el material de urna. Ya llegaron los padrones, estamos empezando la segunda semana de capacitaci\u00f3n de las autoridades de mesa. La semana pasada se capacitaron 4.000\u201d, detall\u00f3 Albarrac\u00edn. \u201cEstamos promediando la recta final de las&nbsp;<strong>elecciones<\/strong>\u201d.<\/p>\n\n\n\n<p>Tambi\u00e9n confirm\u00f3 que a las autoridades de mesa les pagan \u201c15 mil pesos, lo mismo para el ciudadano que va a estar en la puerta de las escuelas; y a los delegados escolares, que suelen ser directores es $25.000, porque tambi\u00e9n tienen que estar el s\u00e1bado a la siesta recibiendo el material electoral\u201d.<\/p>\n\n\n\n<p>\u201cLo de las PASO ya se pag\u00f3, quedan menos de 200 de personas que no han dado los datos de pago. Es menos del 0,1%\u201d, inform\u00f3.<\/p>\n\n\n\n<p>Una novedad es que aquellos que vayan temprano a votar ya no tienen que temer con ser autoridad de mesa, al menos no durante estas elecciones: \u201cLa gente puede ir tranquila a votar temprano, no van a ser autoridad de mesa. Se ha apostado muy fuerte a la capacitaci\u00f3n. Vamos con tres autoridades de mesa. La idea es que la autoridad est\u00e9 capacitada y no que el primero que est\u00e9 en la fila vaya, porque es un sistema nuevo\u201d.<\/p>\n\n\n\n<p>Albarrac\u00edn adem\u00e1s explic\u00f3 que \u201cel asistente se introdujo para que explicara en la entrada de la escuela si vos ten\u00edas dudas sobre c\u00f3mo votar con la boleta \u00fanica. Ahora van a estar con un banner, con cinco equipos de f\u00fatbol, con jugadores para explicar las dudas. Despu\u00e9s nos pareci\u00f3 que era interesante, porque ahora el lugar de votaci\u00f3n es adentro de las aulas, que haga un poco de nexo. Da fluidez al acto electoral\u201d.<\/p>\n\n\n\n<h2 class=\"wp-block-heading\">\u00bfCu\u00e1ndo se vota?<\/h2>\n\n\n\n<p>Las elecciones&nbsp; generales se llevar\u00e1n a cabo el 24 de septiembre.<\/p>\n\n\n\n<h2 class=\"wp-block-heading\">\u00bfQu\u00e9 se vota?<\/h2>\n\n\n\n<p>Las y los ciudadanos elegir\u00e1n este domingo 24 de septiembre a los candidatos a gobernador y vicegobernador, 6 senadores provinciales titulares, 8 diputados provinciales titulares por la primera secci\u00f3n electoral, 5 senadores provinciales titulares, 6 diputados provinciales titulares por la segunda secci\u00f3n electoral, 4 senadores provinciales titulares, 5 diputados provinciales titulares por la tercera secci\u00f3n electoral, 4 senadores provinciales titulares, 5 diputados provinciales titulares por la cuarta secci\u00f3n electoral.<\/p>\n\n\n\n<p>Los elegidos en los cargos de gobernador y vicegobernador asumir\u00e1n el 9 de diciembre. Los legisladores provinciales para los cargos ya mencionados remplazar\u00e1n los mandatos que expiran el 10 de diciembre&nbsp;de 2023.<\/p>\n\n\n\n<h2 class=\"wp-block-heading\">Los candidatos<\/h2>\n\n\n\n<p>-Alfredo Cornejo y Hebe Casado (Frente Cambia Mendoza)<\/p>\n\n\n\n<p>-Omar De Marchi y Daniel Orozco (La Uni\u00f3n Mendocina)<\/p>\n\n\n\n<p>-Omar Parisi y Lucas Ilardo (Frente Eleg\u00ed Mendoza)<\/p>\n\n\n\n<p>-Lautaro Jim\u00e9nez y Noelia Barbeito (Frente de Izquierda y de los Trabajadores-Unidad)<\/p>\n\n\n\n<p>-Mario Vadillo y Emanuel Fugazzotto (Partido Verde)<\/p>\n\n\n\n<p>FUENTE: Mdzonline.<\/p>\n","protected":false},"excerpt":{"rendered":"<p>Este domingo desde las 20.30, se llevar\u00e1 a cabo el debate entre los candidatos a Gobernador y Vicegobernador en la provincia. Es una ley y es obligatorio. El pr\u00f3ximo domingo 17 de septiembre, una semana antes de las&nbsp;elecciones generales&nbsp;en Mendoza, se realizar\u00e1 el&nbsp;debate&nbsp;entre los candidatos a Gobernador de la provincia. Jorge Albarrac\u00edn, secretario de la [&hellip;]<\/p>\n","protected":false},"author":2,"featured_media":1376,"comment_status":"open","ping_status":"open","sticky":true,"template":"","format":"standard","meta":[],"categories":[47],"tags":[],"_links":{"self":[{"href":"https:\/\/pasaenmendoza.com\/index.php?rest_route=\/wp\/v2\/posts\/1375"}],"collection":[{"href":"https:\/\/pasaenmendoza.com\/index.php?rest_route=\/wp\/v2\/posts"}],"about":[{"href":"https:\/\/pasaenmendoza.com\/index.php?rest_route=\/wp\/v2\/types\/post"}],"author":[{"embeddable":true,"href":"https:\/\/pasaenmendoza.com\/index.php?rest_route=\/wp\/v2\/users\/2"}],"replies":[{"embeddable":true,"href":"https:\/\/pasaenmendoza.com\/index.php?rest_route=%2Fwp%2Fv2%2Fcomments&post=1375"}],"version-history":[{"count":1,"href":"https:\/\/pasaenmendoza.com\/index.php?rest_route=\/wp\/v2\/posts\/1375\/revisions"}],"predecessor-version":[{"id":1377,"href":"https:\/\/pasaenmendoza.com\/index.php?rest_route=\/wp\/v2\/posts\/1375\/revisions\/1377"}],"wp:featuredmedia":[{"embeddable":true,"href":"https:\/\/pasaenmendoza.com\/index.php?rest_route=\/wp\/v2\/media\/1376"}],"wp:attachment":[{"href":"https:\/\/pasaenmendoza.com\/index.php?rest_route=%2Fwp%2Fv2%2Fmedia&parent=1375"}],"wp:term":[{"taxonomy":"category","embeddable":true,"href":"https:\/\/pasaenmendoza.com\/index.php?rest_route=%2Fwp%2Fv2%2Fcategories&post=1375"},{"taxonomy":"post_tag","embeddable":true,"href":"https:\/\/pasaenmendoza.com\/index.php?rest_route=%2Fwp%2Fv2%2Ftags&post=1375"}],"curies":[{"name":"wp","href":"https:\/\/api.w.org\/{rel}","templated":true}]}}