{"id":13750,"date":"2025-07-02T21:11:48","date_gmt":"2025-07-02T19:11:48","guid":{"rendered":"https:\/\/pasaenmendoza.com\/?p=13750"},"modified":"2025-07-02T21:11:49","modified_gmt":"2025-07-02T19:11:49","slug":"por-la-ola-de-frio-cortan-el-suministro-de-gnc-a-todas-las-estaciones-de-servicio","status":"publish","type":"post","link":"https:\/\/pasaenmendoza.com\/?p=13750","title":{"rendered":"Por la ola de fr\u00edo cortan el suministro de GNC a todas las estaciones de servicio"},"content":{"rendered":"\n<p>La Asociaci\u00f3n de Expendedores de nafta y afines de Mendoza (Amena) confirm\u00f3 este mi\u00e9rcoles que por la<strong>\u00a0ola de fr\u00edo<\/strong>\u00a0y la alta demanda de gas natural, y con el fin de preservar los consumos prioritarios domiciliarios, el Comit\u00e9 de Emergencia dispuso\u00a0<strong>cortar el suministro de GNC en las estaciones de servicios.<\/strong><\/p>\n\n\n\n<p>La&nbsp;<strong>suspensi\u00f3n del expendio de GNC<\/strong>&nbsp;estar\u00e1 vigente&nbsp;<strong>desde las 14 de este mi\u00e9rcoles y se mantendr\u00e1 por 24 horas.<\/strong><\/p>\n\n\n\n<p>&#8220;Est\u00e1\u00a0<strong>prohibido que toda estaci\u00f3n expenda GNC<\/strong>, ya sea que tenga suministro firme o interrumpible. Ninguna estaci\u00f3n puede expender GNC por razones de fuerza mayor en todo el \u00e1mbito geogr\u00e1fico de Mendoza&#8221;, explic\u00f3 Isabelino Rodr\u00edguez, titular de Amena.<\/p>\n\n\n\n<figure class=\"wp-block-image\"><img decoding=\"async\" src=\"https:\/\/media.diariouno.com.ar\/p\/5085f67f9445ce495ea30e76444136de\/adjuntos\/298\/imagenes\/009\/582\/0009582519\/1200x0\/smart\/comunicado-amena-corte-gasjpg.jpg\" alt=\"\" title=\"\"\/><\/figure>\n\n\n\n<p>Seg\u00fan especul\u00f3 Rodr\u00edguez, es probable que la medida se acote s\u00f3lo a las 24 horas de corte que est\u00e1 vigente. &#8220;En la medida en que&nbsp;<strong>vaya cediendo la ola polar<\/strong>, la restricci\u00f3n seguramente ir\u00e1 cediendo. Pero es una raz\u00f3n de fuerza mayor que est\u00e1 prevista en todos los contratos y es a los efectos de proveer en forma prioritaria a los domicilios&#8221;, marc\u00f3.<\/p>\n\n\n\n<p>Seg\u00fan el comunicado, la medida se tom\u00f3 en virtud de lo previsto tanto en la ley 24.076 que regula la actividad de provisi\u00f3n del gas y del decreto 180\/2004 que prev\u00e9 las medidas de normalizaci\u00f3n del servicio.<\/p>\n\n\n\n<p>Tanto es as\u00ed que, se advierte, que quien no acate la disposici\u00f3n es plausible de recibir multas y penalidades regulatorias.<\/p>\n\n\n\n<h2 class=\"wp-block-heading\">Ya hubo cortes de gas domiciliario y en estaciones de San Rafael<\/h2>\n\n\n\n<p>La ola de fr\u00edo que golpea a Mendoza se hace sentir en todo el pa\u00eds y seg\u00fan lo que comunic\u00f3 este martes la empresa Ecogas hizo que el consumo creciera un 30%.<\/p>\n\n\n\n<p>Eso motiv\u00f3 que las empresas proveedoras del servicio de gas natural implementaran ya&nbsp;<strong>cortes de gas&nbsp;<\/strong>en domicilios de m\u00e1s de una decena de barrios en San Rafael. Fue cerca de las 19 del lunes cuando los vecinos de los barrios sanrafaelinos de TAC, Unimev, Valle Grande, Sosneado, Isros, Municipal, Cristiano, Bancario y UEC detectaron que sus calefactores y estufas dejaron de funcionar por los cortes.<\/p>\n\n\n\n<p>&#8220;Se est\u00e1n tomando distintas medidas para morigerar la situaci\u00f3n, como la&nbsp;<strong>priorizaci\u00f3n del consumo residencial<\/strong>, por lo cual se han producido restricciones en los servicios de contratos semifirmes y de manera permanente se eval\u00faa la performance del sistema por si es necesario tomar nuevas medidas&#8221;, apuntaron desde Ecogas.<\/p>\n\n\n\n<p>Tambi\u00e9n se registraron cortes de GNC en las estaciones del Sur provincial este martes. Fueron 17 las expendedoras que se quedaron sin suministro.<\/p>\n\n\n\n<p>En concreto,\u00a0<strong>representaban el 13,5% del total en la provincia<\/strong>. De ellas,\u00a012 est\u00e1n en San Rafael, el departamento que registr\u00f3 el fr\u00edo m\u00e1s extremo, y las restantes\u00a0<strong>siete en General Alvear,\u00a0<\/strong>a las que se les interrumpi\u00f3 el servicio desde la ma\u00f1ana del lunes.<\/p>\n\n\n\n<p><strong>Fuente: www.diariouno.com.ar<\/strong><\/p>\n","protected":false},"excerpt":{"rendered":"<p>La Asociaci\u00f3n de Expendedores de nafta y afines de Mendoza (Amena) confirm\u00f3 este mi\u00e9rcoles que por la\u00a0ola de fr\u00edo\u00a0y la alta demanda de gas natural, y con el fin de preservar los consumos prioritarios domiciliarios, el Comit\u00e9 de Emergencia dispuso\u00a0cortar el suministro de GNC en las estaciones de servicios. La&nbsp;suspensi\u00f3n del expendio de GNC&nbsp;estar\u00e1 vigente&nbsp;desde [&hellip;]<\/p>\n","protected":false},"author":2,"featured_media":13751,"comment_status":"open","ping_status":"open","sticky":false,"template":"","format":"standard","meta":[],"categories":[50],"tags":[],"_links":{"self":[{"href":"https:\/\/pasaenmendoza.com\/index.php?rest_route=\/wp\/v2\/posts\/13750"}],"collection":[{"href":"https:\/\/pasaenmendoza.com\/index.php?rest_route=\/wp\/v2\/posts"}],"about":[{"href":"https:\/\/pasaenmendoza.com\/index.php?rest_route=\/wp\/v2\/types\/post"}],"author":[{"embeddable":true,"href":"https:\/\/pasaenmendoza.com\/index.php?rest_route=\/wp\/v2\/users\/2"}],"replies":[{"embeddable":true,"href":"https:\/\/pasaenmendoza.com\/index.php?rest_route=%2Fwp%2Fv2%2Fcomments&post=13750"}],"version-history":[{"count":1,"href":"https:\/\/pasaenmendoza.com\/index.php?rest_route=\/wp\/v2\/posts\/13750\/revisions"}],"predecessor-version":[{"id":13752,"href":"https:\/\/pasaenmendoza.com\/index.php?rest_route=\/wp\/v2\/posts\/13750\/revisions\/13752"}],"wp:featuredmedia":[{"embeddable":true,"href":"https:\/\/pasaenmendoza.com\/index.php?rest_route=\/wp\/v2\/media\/13751"}],"wp:attachment":[{"href":"https:\/\/pasaenmendoza.com\/index.php?rest_route=%2Fwp%2Fv2%2Fmedia&parent=13750"}],"wp:term":[{"taxonomy":"category","embeddable":true,"href":"https:\/\/pasaenmendoza.com\/index.php?rest_route=%2Fwp%2Fv2%2Fcategories&post=13750"},{"taxonomy":"post_tag","embeddable":true,"href":"https:\/\/pasaenmendoza.com\/index.php?rest_route=%2Fwp%2Fv2%2Ftags&post=13750"}],"curies":[{"name":"wp","href":"https:\/\/api.w.org\/{rel}","templated":true}]}}