{"id":13756,"date":"2025-07-02T21:21:41","date_gmt":"2025-07-02T19:21:41","guid":{"rendered":"https:\/\/pasaenmendoza.com\/?p=13756"},"modified":"2025-07-02T21:21:42","modified_gmt":"2025-07-02T19:21:42","slug":"mala-praxis-imputaran-por-lesiones-leves-a-la-enfermera-acusada-de-inyectarle-clonazepam-a-un-bebe-de-1-ano","status":"publish","type":"post","link":"https:\/\/pasaenmendoza.com\/?p=13756","title":{"rendered":"Mala praxis: imputar\u00e1n por lesiones leves a la enfermera acusada de inyectarle clonazepam a un beb\u00e9 de 1 a\u00f1o"},"content":{"rendered":"\n<p>Tras recibir una serie de informes m\u00e9dicos, el fiscal que investiga un presunto caso de\u00a0<strong>mala praxis<\/strong>\u00a0en el Valle de Uco defini\u00f3 la imputaci\u00f3n de la\u00a0<strong>enfermera<\/strong>\u00a0acusada de haber suministrado\u00a0<strong>clonazepam<\/strong>\u00a0en forma accidental a un\u00a0<strong>beb\u00e9<\/strong>\u00a0de apenas 1 a\u00f1o.<\/p>\n\n\n\n<p>La\u00a0<strong>enfermera,<\/strong>\u00a0que\u00a0hasta mediados de junio se desempe\u00f1aba en el\u00a0<strong>Hospital General Las Heras<\/strong>\u00a0ubicado en\u00a0<strong>Tupungato,<\/strong>\u00a0fue citada por la Justicia. El fiscal del Valle de Uco, Jorge Quiroga, la formalizar\u00e1 por el delito de lesiones leves culposas.<\/p>\n\n\n\n<p>La decisi\u00f3n fue tomada luego de que lleg\u00f3 el informe del Cuerpo M\u00e9dico Forense (CMF) que determin\u00f3 que las heridas de menor tienen un tiempo de curaci\u00f3n menor a un mes, m\u00e1s all\u00e1 de que orden\u00f3 evaluar secuelas en los pr\u00f3ximos 30 d\u00edas. El\u00a0<strong>beb\u00e9<\/strong>\u00a0v\u00edctima de\u00a0<strong>mala praxis<\/strong>\u00a0est\u00e1 internado en sala com\u00fan del Hospital Notti y todav\u00eda no ha recibido el alta m\u00e9dica.<\/p>\n\n\n\n<p>Bajo este delito, la&nbsp;<strong>enfermera<\/strong>&nbsp;de&nbsp;<strong>Tupungato<\/strong>&nbsp;arriesga una pena de 1 mes a 3 a\u00f1os de c\u00e1rcel. Como no tiene antecedentes y la posible condena es excarcelable, la mujer acusada de&nbsp;<strong>mala praxis<\/strong>&nbsp;mantuvo su libertad.<\/p>\n\n\n\n<h2 class=\"wp-block-heading\">Mala praxis en Tupungato<\/h2>\n\n\n\n<p>El&nbsp;<strong>beb\u00e9<\/strong>&nbsp;de 1 a\u00f1o ingres\u00f3 al&nbsp;<strong>Hospital General Las Heras<\/strong>&nbsp;el 20 de junio pasado siendo trasladado por sus padres porque ten\u00eda problemas para respirar, por lo que qued\u00f3 internado en ese nosocomio de&nbsp;<strong>Tupungato.<\/strong><\/p>\n\n\n\n<p>Una&nbsp;<strong>enfermera<\/strong>&nbsp;le aplic\u00f3 una inyecci\u00f3n de medicamentos al peque\u00f1o pero, aparentemente, se equivoc\u00f3 de paciente y le suministr\u00f3&nbsp;<strong>clonazepam.<\/strong>&nbsp;La profesional de la Salud se dio cuenta de la mala praxis en el acto y notific\u00f3 a las autoridades del hospital. El&nbsp;<strong>beb\u00e9<\/strong>&nbsp;qued\u00f3 sedado durante varias horas y tuvo que ser trasladado al Hospital Notti donde lo desintoxicaron y lo dejaron alojado en la Unidad de Terapia Intensiva.<\/p>\n\n\n\n<p>Mientras avanza la investigaci\u00f3n penal por\u00a0<strong>mala praxis,<\/strong>\u00a0las autoridades del hospital de Tupungato decidieron apartarla de sus funciones.<\/p>\n\n\n\n<p><strong>Fuente: www.diariouno.com.ar<\/strong><\/p>\n","protected":false},"excerpt":{"rendered":"<p>Tras recibir una serie de informes m\u00e9dicos, el fiscal que investiga un presunto caso de\u00a0mala praxis\u00a0en el Valle de Uco defini\u00f3 la imputaci\u00f3n de la\u00a0enfermera\u00a0acusada de haber suministrado\u00a0clonazepam\u00a0en forma accidental a un\u00a0beb\u00e9\u00a0de apenas 1 a\u00f1o. La\u00a0enfermera,\u00a0que\u00a0hasta mediados de junio se desempe\u00f1aba en el\u00a0Hospital General Las Heras\u00a0ubicado en\u00a0Tupungato,\u00a0fue citada por la Justicia. El fiscal del Valle [&hellip;]<\/p>\n","protected":false},"author":2,"featured_media":13757,"comment_status":"open","ping_status":"open","sticky":false,"template":"","format":"standard","meta":[],"categories":[60],"tags":[],"_links":{"self":[{"href":"https:\/\/pasaenmendoza.com\/index.php?rest_route=\/wp\/v2\/posts\/13756"}],"collection":[{"href":"https:\/\/pasaenmendoza.com\/index.php?rest_route=\/wp\/v2\/posts"}],"about":[{"href":"https:\/\/pasaenmendoza.com\/index.php?rest_route=\/wp\/v2\/types\/post"}],"author":[{"embeddable":true,"href":"https:\/\/pasaenmendoza.com\/index.php?rest_route=\/wp\/v2\/users\/2"}],"replies":[{"embeddable":true,"href":"https:\/\/pasaenmendoza.com\/index.php?rest_route=%2Fwp%2Fv2%2Fcomments&post=13756"}],"version-history":[{"count":1,"href":"https:\/\/pasaenmendoza.com\/index.php?rest_route=\/wp\/v2\/posts\/13756\/revisions"}],"predecessor-version":[{"id":13758,"href":"https:\/\/pasaenmendoza.com\/index.php?rest_route=\/wp\/v2\/posts\/13756\/revisions\/13758"}],"wp:featuredmedia":[{"embeddable":true,"href":"https:\/\/pasaenmendoza.com\/index.php?rest_route=\/wp\/v2\/media\/13757"}],"wp:attachment":[{"href":"https:\/\/pasaenmendoza.com\/index.php?rest_route=%2Fwp%2Fv2%2Fmedia&parent=13756"}],"wp:term":[{"taxonomy":"category","embeddable":true,"href":"https:\/\/pasaenmendoza.com\/index.php?rest_route=%2Fwp%2Fv2%2Fcategories&post=13756"},{"taxonomy":"post_tag","embeddable":true,"href":"https:\/\/pasaenmendoza.com\/index.php?rest_route=%2Fwp%2Fv2%2Ftags&post=13756"}],"curies":[{"name":"wp","href":"https:\/\/api.w.org\/{rel}","templated":true}]}}