{"id":13763,"date":"2025-07-03T14:52:39","date_gmt":"2025-07-03T12:52:39","guid":{"rendered":"https:\/\/pasaenmendoza.com\/?p=13763"},"modified":"2025-07-03T14:52:40","modified_gmt":"2025-07-03T12:52:40","slug":"el-tiempo-en-mendoza-jueves-frio-y-con-heladas","status":"publish","type":"post","link":"https:\/\/pasaenmendoza.com\/?p=13763","title":{"rendered":"El tiempo en Mendoza: jueves fr\u00edo y con heladas"},"content":{"rendered":"\n<p>La&nbsp;<strong>temperatura m\u00e1xima<\/strong>&nbsp;para este jueves ser\u00e1 de&nbsp;<strong>12 grados cent\u00edgrados<\/strong>, mientras que&nbsp;<strong>la m\u00ednima<\/strong>&nbsp;se mantendr\u00e1 todav\u00eda bajo el cero:&nbsp;<strong>-1 grado cent\u00edgrado.<\/strong><\/p>\n\n\n\n<p>El pron\u00f3stico de la Direcci\u00f3n de Contingencias Clim\u00e1ticas adelant\u00f3 que habr\u00e1 \u201c<em>poca nubosidad y fr\u00edo con heladas, vientos leves del este<\/em>\u201c.<\/p>\n\n\n\n<p>Por la ma\u00f1ana se esperan neblinas y bancos de niebla.<\/p>\n\n\n\n<p>En el caso de la alta monta\u00f1a: \u201c<em>Poco nuboso en cordillera<\/em>\u201c. Pero habr\u00e1 buen tiempo, en general.<\/p>\n\n\n\n<p>El Servicio Meteorol\u00f3gico Nacional mantiene a parte de la provincia<strong>&nbsp;en alerta meteorol\u00f3gico nivel naranja por temperaturas extremas.<\/strong><\/p>\n\n\n\n<p>Esto implica que las temperaturas tienen<strong>&nbsp;efectos de moderados a altos<\/strong>&nbsp;para la salud de las personas y&nbsp;<strong>pueden ser muy peligrosas para los grupos de riesgo.<\/strong><\/p>\n\n\n\n<p>Afecta a las zonas de la cordillera de Las Heras, de Luj\u00e1n de Cuyo y de Tupungato, as\u00ed como Capital, Godoy Cruz, Guaymall\u00e9n y Maip\u00fa, el Este de Las Heras, Lavalle, La Paz, San Mart\u00edn y Santa Rosa, Jun\u00edn y Rivadavia, adem\u00e1s de los valles de Luj\u00e1n de Cuyo, de San Carlos, de Tupungato y de Tunuy\u00e1n.<\/p>\n\n\n\n<p><strong>Fuente: www.elsol.com.ar<\/strong><\/p>\n","protected":false},"excerpt":{"rendered":"<p>La&nbsp;temperatura m\u00e1xima&nbsp;para este jueves ser\u00e1 de&nbsp;12 grados cent\u00edgrados, mientras que&nbsp;la m\u00ednima&nbsp;se mantendr\u00e1 todav\u00eda bajo el cero:&nbsp;-1 grado cent\u00edgrado. El pron\u00f3stico de la Direcci\u00f3n de Contingencias Clim\u00e1ticas adelant\u00f3 que habr\u00e1 \u201cpoca nubosidad y fr\u00edo con heladas, vientos leves del este\u201c. Por la ma\u00f1ana se esperan neblinas y bancos de niebla. En el caso de la alta [&hellip;]<\/p>\n","protected":false},"author":2,"featured_media":13764,"comment_status":"open","ping_status":"open","sticky":false,"template":"","format":"standard","meta":[],"categories":[52],"tags":[],"_links":{"self":[{"href":"https:\/\/pasaenmendoza.com\/index.php?rest_route=\/wp\/v2\/posts\/13763"}],"collection":[{"href":"https:\/\/pasaenmendoza.com\/index.php?rest_route=\/wp\/v2\/posts"}],"about":[{"href":"https:\/\/pasaenmendoza.com\/index.php?rest_route=\/wp\/v2\/types\/post"}],"author":[{"embeddable":true,"href":"https:\/\/pasaenmendoza.com\/index.php?rest_route=\/wp\/v2\/users\/2"}],"replies":[{"embeddable":true,"href":"https:\/\/pasaenmendoza.com\/index.php?rest_route=%2Fwp%2Fv2%2Fcomments&post=13763"}],"version-history":[{"count":1,"href":"https:\/\/pasaenmendoza.com\/index.php?rest_route=\/wp\/v2\/posts\/13763\/revisions"}],"predecessor-version":[{"id":13765,"href":"https:\/\/pasaenmendoza.com\/index.php?rest_route=\/wp\/v2\/posts\/13763\/revisions\/13765"}],"wp:featuredmedia":[{"embeddable":true,"href":"https:\/\/pasaenmendoza.com\/index.php?rest_route=\/wp\/v2\/media\/13764"}],"wp:attachment":[{"href":"https:\/\/pasaenmendoza.com\/index.php?rest_route=%2Fwp%2Fv2%2Fmedia&parent=13763"}],"wp:term":[{"taxonomy":"category","embeddable":true,"href":"https:\/\/pasaenmendoza.com\/index.php?rest_route=%2Fwp%2Fv2%2Fcategories&post=13763"},{"taxonomy":"post_tag","embeddable":true,"href":"https:\/\/pasaenmendoza.com\/index.php?rest_route=%2Fwp%2Fv2%2Ftags&post=13763"}],"curies":[{"name":"wp","href":"https:\/\/api.w.org\/{rel}","templated":true}]}}