{"id":13766,"date":"2025-07-03T14:57:21","date_gmt":"2025-07-03T12:57:21","guid":{"rendered":"https:\/\/pasaenmendoza.com\/?p=13766"},"modified":"2025-07-03T14:57:22","modified_gmt":"2025-07-03T12:57:22","slug":"un-abogado-tenia-condena-por-atacar-a-su-ex-desobedecio-a-la-justicia-y-ahora-esta-profugo","status":"publish","type":"post","link":"https:\/\/pasaenmendoza.com\/?p=13766","title":{"rendered":"Un abogado ten\u00eda condena por atacar a su ex, desobedeci\u00f3 a la Justicia y ahora est\u00e1 pr\u00f3fugo"},"content":{"rendered":"\n<p>Un\u00a0<strong>abogado que hab\u00eda sido condenado en noviembre del a\u00f1o pasado por graves hechos de violencia de g\u00e9nero<\/strong>, se encuentra actualmente pr\u00f3fugo, tras violar las reglas de conducta impuestas en un juicio abreviado y desobedecer una orden judicial que le prohib\u00eda acercarse a su ex pareja. A ra\u00edz de los recientes hechos, la Unidad Fiscal de Violencia de G\u00e9nero pidi\u00f3 su detenci\u00f3n, pero no lograron encontrarlo: fue allanado por efectivos de Investigaciones y no estaba en su domicilio. La v\u00edctima, que entienden permanece en situaci\u00f3n de riesgo, se encuentra por estas horas con custodia policial.<\/p>\n\n\n\n<p>Se trata de\u00a0<strong>Alfredo Daniel Bendini\u00a0<\/strong>Alarc\u00f3n, un letrado de 42 a\u00f1os que a\u00f1os atr\u00e1s gan\u00f3 notoriedad por encabezar manifestaciones en contra de fiscales, acus\u00e1ndolos de ordenar detenciones basadas en denuncias falsas. Sin embargo,\u00a0<strong>\u00e9l mismo admiti\u00f3 su responsabilidad penal en un juicio abreviado por delitos cometidos contra su ex mujer\u00a0<\/strong>y fue condenado a dos a\u00f1os y cuatro meses de prisi\u00f3n condicional.<\/p>\n\n\n\n<p>La sentencia fue dictada el 26 de noviembre de 2024 por el Juzgado Penal Colegiado N\u00b01, representado por el juez Fernando Mart\u00ednez. El magistrado homolog\u00f3 el acuerdo entre las partes y lo encontr\u00f3 culpable de lesiones leves dolosas doblemente calificadas por la relaci\u00f3n de pareja y por mediar violencia de g\u00e9nero, amenazas agravadas con arma, amenazas simples y coactivas, adem\u00e1s de desobediencia a una orden judicial, todo en concurso real y en contexto de violencia de g\u00e9nero.\u00a0<strong>Los hechos ocurrieron en distintos momentos entre julio y septiembre de 2024\u00a0<\/strong>y fueron acreditados por la fiscal\u00eda, que estuvo representada en el proceso por Emiliano Ortega.<\/p>\n\n\n\n<p>Seg\u00fan la resoluci\u00f3n, en uno de los episodios m\u00e1s graves,&nbsp;<strong>Bendini le apunt\u00f3 con un arma de fuego en la cabeza a la v\u00edctima&nbsp;<\/strong>y le dijo que la iba a matar. En otra ocasi\u00f3n, la golpe\u00f3 brutalmente en su domicilio en Maip\u00fa: le dio pu\u00f1etazos en la cabeza y la espalda, le peg\u00f3 con un celular en la cara y luego le dio patadas en las piernas mientras estaba en el suelo.&nbsp;<em>\u201cMir\u00e1, andate de Mendoza, o yo te mato, si vos no est\u00e1s conmigo, no est\u00e1s con&nbsp; nadie, andate de Mendoza, porque te voy a matar\u201d,&nbsp;<\/em>fue una de las frases que la v\u00edctima denunci\u00f3 ante la Justicia.<\/p>\n\n\n\n<p>Pese a la gravedad de los hechos, y al ser primera condena sin antecedentes computables, el tribunal resolvi\u00f3 imponerle una pena de ejecuci\u00f3n condicional. Pero como condici\u00f3n para seguir en libertad,\u00a0<strong>Bendini deb\u00eda cumplir con una serie de reglas, entre ellas no acercarse ni comunicarse de ning\u00fan modo con la v\u00edctima<\/strong>, presentarse regularmente ante la Direcci\u00f3n de Promoci\u00f3n del Liberado, realizar tratamiento psicol\u00f3gico, y fijar un domicilio.<\/p>\n\n\n\n<p><strong>No cumpli\u00f3<\/strong>, destacaron fuentes judiciales y policiales. En los \u00faltimos d\u00edas, ingres\u00f3 una nueva denuncia por desobediencia:&nbsp;<strong>el abogado volvi\u00f3 a molestar a su ex pareja, violando la prohibici\u00f3n de contacto ordenada por el Juzgado de Familia<\/strong>.<\/p>\n\n\n\n<p>Ante esta situaci\u00f3n, el fiscal Mart\u00edn Castro, de la Unidad Fiscal de Violencia de G\u00e9nero, solicit\u00f3 su detenci\u00f3n inmediata por incumplir las condiciones impuestas y poner en riesgo a la v\u00edctima.<\/p>\n\n\n\n<p>La Justicia orden\u00f3 allanar su domicilio pero no lograron dar con \u00e9l. El letrado, se\u00f1alaron fuentes del caso,\u00a0<em>\u201cse encuentra pr\u00f3fugo\u201d\u00a0<\/em>y se activ\u00f3 su pedido de captura. De ser detenido, pasar\u00e1 a la c\u00e1rcel directamente por orden del Ministerio P\u00fablico. En paralelo,\u00a0<strong>se dispuso que la v\u00edctima quede bajo consigna policial\u00a0<\/strong>permanente, para garantizar su seguridad.<\/p>\n\n\n\n<p><strong>Fuente: www.elsol.com.ar<\/strong><\/p>\n","protected":false},"excerpt":{"rendered":"<p>Un\u00a0abogado que hab\u00eda sido condenado en noviembre del a\u00f1o pasado por graves hechos de violencia de g\u00e9nero, se encuentra actualmente pr\u00f3fugo, tras violar las reglas de conducta impuestas en un juicio abreviado y desobedecer una orden judicial que le prohib\u00eda acercarse a su ex pareja. A ra\u00edz de los recientes hechos, la Unidad Fiscal de [&hellip;]<\/p>\n","protected":false},"author":2,"featured_media":13767,"comment_status":"open","ping_status":"open","sticky":false,"template":"","format":"standard","meta":[],"categories":[48],"tags":[],"_links":{"self":[{"href":"https:\/\/pasaenmendoza.com\/index.php?rest_route=\/wp\/v2\/posts\/13766"}],"collection":[{"href":"https:\/\/pasaenmendoza.com\/index.php?rest_route=\/wp\/v2\/posts"}],"about":[{"href":"https:\/\/pasaenmendoza.com\/index.php?rest_route=\/wp\/v2\/types\/post"}],"author":[{"embeddable":true,"href":"https:\/\/pasaenmendoza.com\/index.php?rest_route=\/wp\/v2\/users\/2"}],"replies":[{"embeddable":true,"href":"https:\/\/pasaenmendoza.com\/index.php?rest_route=%2Fwp%2Fv2%2Fcomments&post=13766"}],"version-history":[{"count":1,"href":"https:\/\/pasaenmendoza.com\/index.php?rest_route=\/wp\/v2\/posts\/13766\/revisions"}],"predecessor-version":[{"id":13768,"href":"https:\/\/pasaenmendoza.com\/index.php?rest_route=\/wp\/v2\/posts\/13766\/revisions\/13768"}],"wp:featuredmedia":[{"embeddable":true,"href":"https:\/\/pasaenmendoza.com\/index.php?rest_route=\/wp\/v2\/media\/13767"}],"wp:attachment":[{"href":"https:\/\/pasaenmendoza.com\/index.php?rest_route=%2Fwp%2Fv2%2Fmedia&parent=13766"}],"wp:term":[{"taxonomy":"category","embeddable":true,"href":"https:\/\/pasaenmendoza.com\/index.php?rest_route=%2Fwp%2Fv2%2Fcategories&post=13766"},{"taxonomy":"post_tag","embeddable":true,"href":"https:\/\/pasaenmendoza.com\/index.php?rest_route=%2Fwp%2Fv2%2Ftags&post=13766"}],"curies":[{"name":"wp","href":"https:\/\/api.w.org\/{rel}","templated":true}]}}