{"id":13785,"date":"2025-07-03T21:17:45","date_gmt":"2025-07-03T19:17:45","guid":{"rendered":"https:\/\/pasaenmendoza.com\/?p=13785"},"modified":"2025-07-03T21:17:46","modified_gmt":"2025-07-03T19:17:46","slug":"extendieron-24-horas-mas-el-corte-total-de-gnc-de-las-estaciones-de-servicio","status":"publish","type":"post","link":"https:\/\/pasaenmendoza.com\/?p=13785","title":{"rendered":"Extendieron 24 horas m\u00e1s el corte total de GNC de las estaciones de servicio"},"content":{"rendered":"\n<p>La Asociaci\u00f3n de Expendedores de nafta y afines de Mendoza, confirm\u00f3 pasadas las 13 de este jueves, que el\u00a0corte total de suministro de\u00a0<strong>GNC\u00a0<\/strong>de las estaciones de servicio\u00a0<strong>se mantendr\u00e1 un d\u00eda m\u00e1s<\/strong>.<\/p>\n\n\n\n<p>As\u00ed se los inform\u00f3 oficialmente tanto el ente nacional que regula la provisi\u00f3n de gas,&nbsp;<strong>Enargas<\/strong>, como la empresa que lo provee,&nbsp;<strong>Ecogas.<\/strong><\/p>\n\n\n\n<p>En principio el corte de ese suministro era hasta las 14 de este jueves, pero la situaci\u00f3n de aumento de la demanda del gas natural por la ola de fr\u00edo, hizo que esa restricci\u00f3n se mantuviera un d\u00eda m\u00e1s.<\/p>\n\n\n\n<p>&#8220;Esta medida continuar\u00e1 vigente hasta ma\u00f1ana, mientras se mantiene el monitoreo constante de la situaci\u00f3n&#8221;, confirmaron desde Amena.<\/p>\n\n\n\n<p>Se ha informado que este viernes se reunir\u00e1 nuevamente el Comit\u00e9 de Emergencia para evaluar las condiciones del sistema y definir los pasos a seguir.<\/p>\n\n\n\n<p>La medida que se extendi\u00f3 hasta este viernes supone que &#8220;est\u00e1&nbsp;<strong>prohibido que toda estaci\u00f3n expenda GNC<\/strong>, ya sea que tenga suministro firme o interrumpible. Ninguna estaci\u00f3n puede expender GNC por razones de fuerza mayor en todo el \u00e1mbito geogr\u00e1fico de Mendoza&#8221;, explic\u00f3 el mi\u00e9rcoles Isabelino Rodr\u00edguez, titular de Amena.<\/p>\n\n\n\n<p>La medida impact\u00f3 de lleno en los taxistas, que en su mayor\u00eda tienen GNC para amortizar los gastos.<\/p>\n\n\n\n<p>Seg\u00fan manifest\u00f3 Diego V\u00e1squez -representante de Aprotam- esos conductores utilizan dos cargas completas por d\u00eda para poder funcionar.<\/p>\n\n\n\n<p>Es decir que aquellos que pudieron cargar&nbsp;<strong>GNC<\/strong>&nbsp;antes de las 14 de este 2 de julio, s\u00f3lo pudieron funcionar durante la tarde de este mi\u00e9rcoles, pero no salir a trabajar este jueves en la ma\u00f1ana.<\/p>\n\n\n\n<h2 class=\"wp-block-heading\">Por el creciente consumo de gas hubo cortes a 14 industrias<\/h2>\n\n\n\n<p>Otra de las medidas que tom\u00f3\u00a0<strong>Ecogas<\/strong>\u00a0para preservar el abastecimiento de hogares\u00a0<strong>fue<\/strong>\u00a0el<strong>\u00a0corte\u00a0<\/strong>de suministro<strong>\u00a0a las industrias<\/strong>. Se trata de aquellas que tienen contratos sujetos a la mayor demanda de gas invernal. Algunas llegaron a 0 y a otras Ecogas les aplic\u00f3 un cupo m\u00ednimo por la ola de fr\u00edo.<\/p>\n\n\n\n<p>En n\u00fameros, la mayor demanda de gas natural por las bajas temperaturas lleg\u00f3 a&nbsp;<strong>100 millones de m3<\/strong>&nbsp;diarios.&nbsp;<strong>Uno de cada diez millones se consumen en Cuyo<\/strong>, con Mendoza a la cabeza.<\/p>\n\n\n\n<p>Eso, de acuerdo a la estad\u00edstica de Ecogas, significa un&nbsp;<strong>crecimiento de 10% &#8220;respecto de los picos hist\u00f3ricos&#8221;<\/strong>&nbsp;de consumo de gas, propios del invierno.<\/p>\n\n\n\n<p>Con esos registros a mano, la distribuidora regional decidi\u00f3 avanzar con los\u00a0contratos interrumpibles, una figura que ya rige con las 126 estaciones de servicio de GNC.<\/p>\n\n\n\n<p><strong>Fuente: www.diariouno.com.ar<\/strong><\/p>\n","protected":false},"excerpt":{"rendered":"<p>La Asociaci\u00f3n de Expendedores de nafta y afines de Mendoza, confirm\u00f3 pasadas las 13 de este jueves, que el\u00a0corte total de suministro de\u00a0GNC\u00a0de las estaciones de servicio\u00a0se mantendr\u00e1 un d\u00eda m\u00e1s. As\u00ed se los inform\u00f3 oficialmente tanto el ente nacional que regula la provisi\u00f3n de gas,&nbsp;Enargas, como la empresa que lo provee,&nbsp;Ecogas. En principio el [&hellip;]<\/p>\n","protected":false},"author":2,"featured_media":13786,"comment_status":"open","ping_status":"open","sticky":false,"template":"","format":"standard","meta":[],"categories":[50],"tags":[],"_links":{"self":[{"href":"https:\/\/pasaenmendoza.com\/index.php?rest_route=\/wp\/v2\/posts\/13785"}],"collection":[{"href":"https:\/\/pasaenmendoza.com\/index.php?rest_route=\/wp\/v2\/posts"}],"about":[{"href":"https:\/\/pasaenmendoza.com\/index.php?rest_route=\/wp\/v2\/types\/post"}],"author":[{"embeddable":true,"href":"https:\/\/pasaenmendoza.com\/index.php?rest_route=\/wp\/v2\/users\/2"}],"replies":[{"embeddable":true,"href":"https:\/\/pasaenmendoza.com\/index.php?rest_route=%2Fwp%2Fv2%2Fcomments&post=13785"}],"version-history":[{"count":1,"href":"https:\/\/pasaenmendoza.com\/index.php?rest_route=\/wp\/v2\/posts\/13785\/revisions"}],"predecessor-version":[{"id":13787,"href":"https:\/\/pasaenmendoza.com\/index.php?rest_route=\/wp\/v2\/posts\/13785\/revisions\/13787"}],"wp:featuredmedia":[{"embeddable":true,"href":"https:\/\/pasaenmendoza.com\/index.php?rest_route=\/wp\/v2\/media\/13786"}],"wp:attachment":[{"href":"https:\/\/pasaenmendoza.com\/index.php?rest_route=%2Fwp%2Fv2%2Fmedia&parent=13785"}],"wp:term":[{"taxonomy":"category","embeddable":true,"href":"https:\/\/pasaenmendoza.com\/index.php?rest_route=%2Fwp%2Fv2%2Fcategories&post=13785"},{"taxonomy":"post_tag","embeddable":true,"href":"https:\/\/pasaenmendoza.com\/index.php?rest_route=%2Fwp%2Fv2%2Ftags&post=13785"}],"curies":[{"name":"wp","href":"https:\/\/api.w.org\/{rel}","templated":true}]}}