{"id":13788,"date":"2025-07-03T21:23:53","date_gmt":"2025-07-03T19:23:53","guid":{"rendered":"https:\/\/pasaenmendoza.com\/?p=13788"},"modified":"2025-07-03T21:23:54","modified_gmt":"2025-07-03T19:23:54","slug":"la-provincia-y-el-inai-reactivaron-el-acuerdo-para-relevar-las-tierras-que-reclamaban-los-presuntos-mapuches","status":"publish","type":"post","link":"https:\/\/pasaenmendoza.com\/?p=13788","title":{"rendered":"La Provincia y el INAI reactivaron el acuerdo para relevar las tierras que reclamaban los presuntos mapuches"},"content":{"rendered":"\n<p>La Provincia de Mendoza y el&nbsp;<strong>Instituto Nacional de Asuntos Ind\u00edgenas (INAI)&nbsp;<\/strong>reactivaron un<strong>&nbsp;compromiso de cooperaci\u00f3n institucional&nbsp;<\/strong>para avanzar, con respaldo legal y pol\u00edtico, en la regularizaci\u00f3n territorial de las comunidades ind\u00edgenas.<\/p>\n\n\n\n<p>A trav\u00e9s del&nbsp;<strong>Decreto N\u00ba 1378<\/strong>, firmado por el gobernador&nbsp;<strong>Alfredo Cornejo<\/strong>&nbsp;y publicado en el&nbsp;<strong>Bolet\u00edn Oficial&nbsp;<\/strong>este jueves, se aprob\u00f3 un nuevo&nbsp;<strong>convenio marco&nbsp;<\/strong>que promete&nbsp;<strong>coordinar pol\u00edticas p\u00fablicas espec\u00edficas para los pueblos originarios, respetando las competencias de Naci\u00f3n y Provincia<\/strong>.<\/p>\n\n\n\n<p>Pero esta vez, aseguran desde el Gobierno, hay un componente clave:\u00a0<strong>voluntad pol\u00edtica de ambas partes para concretar un relevamiento t\u00e9cnico, jur\u00eddico y catastral de las tierras ocupadas por comunidades ind\u00edgenas en Mendoza<\/strong>.<\/p>\n\n\n\n<p>La responsabilidad de gestionar esta coordinaci\u00f3n recae en el\u00a0<strong>Ministerio de Gobierno, Infraestructura y Desarrollo Territorial<\/strong>, encabezado por\u00a0<strong>Natalio Mema<\/strong>, quien oficiar\u00e1 de interlocutor provincial ante el INAI y ocupar\u00e1 el asiento mendocino en el\u00a0<strong>Consejo Federal\u00a0<\/strong>del organismo nacional. El mismo ministerio\u00a0<strong>ser\u00e1 tambi\u00e9n el encargado de dise\u00f1ar, junto al INAI, programas de mensura y regularizaci\u00f3n dominial de los territorios<\/strong>.<\/p>\n\n\n\n<p>El nuevo convenio \u2014que actualiza el firmado en 2009 durante una etapa anterior del kirchnerismo\u2014 renueva su vigencia con una&nbsp;<strong>duraci\u00f3n inicial de cuatro a\u00f1os, y contempla su renovaci\u00f3n autom\u00e1tica<\/strong>. Aunque cabe aclarar que en el caso del relevamiento territorial,&nbsp;<strong>la vigencia se extender\u00e1 hasta que se haya completado el plan de trabajo que se establezca<\/strong>.<\/p>\n\n\n\n<p>Uno de los puntos destacados del documento es la promesa de\u00a0<strong>incluir a las comunidades ind\u00edgenas como actores activos<\/strong>\u00a0en todas las etapas del proceso:\u00a0<strong>desde el relevamiento y dise\u00f1o de programas hasta la ejecuci\u00f3n y monitoreo<\/strong>. Algo que las propias comunidades\u00a0<strong>han exigido hist\u00f3ricamente<\/strong>.<\/p>\n\n\n\n<p>M\u00e1s all\u00e1 de las declaraciones, el convenio remarca que<strong>&nbsp;cada acci\u00f3n conjunta requerir\u00e1 la firma de acuerdos espec\u00edficos<\/strong>, que determinar\u00e1n los objetivos puntuales, cronogramas, asignaci\u00f3n presupuestaria, responsables y mecanismos de seguimiento. Esta etapa ser\u00e1, probablemente,&nbsp;<strong>el verdadero term\u00f3metro de la efectividad del acuerdo<\/strong>.<\/p>\n\n\n\n<p>El convenio se apoya en un marco jur\u00eddico claro:&nbsp;<strong>el art\u00edculo 75 inciso 17 de la Constituci\u00f3n Nacional, los tratados internacionales como el Convenio 169 de la OIT, la Ley Nacional 23.302 y art\u00edculos concordantes de la Constituci\u00f3n mendocina<\/strong>.<\/p>\n\n\n\n<p><object data=\"https:\/\/www.elsol.com.ar\/wp-content\/uploads\/2025\/07\/pedido_283345_02072025.pdf\" type=\"application\/pdf\"><\/object><\/p>\n\n\n\n<p><strong>Fuente: www.elsol.com.ar<\/strong><\/p>\n","protected":false},"excerpt":{"rendered":"<p>La Provincia de Mendoza y el&nbsp;Instituto Nacional de Asuntos Ind\u00edgenas (INAI)&nbsp;reactivaron un&nbsp;compromiso de cooperaci\u00f3n institucional&nbsp;para avanzar, con respaldo legal y pol\u00edtico, en la regularizaci\u00f3n territorial de las comunidades ind\u00edgenas. A trav\u00e9s del&nbsp;Decreto N\u00ba 1378, firmado por el gobernador&nbsp;Alfredo Cornejo&nbsp;y publicado en el&nbsp;Bolet\u00edn Oficial&nbsp;este jueves, se aprob\u00f3 un nuevo&nbsp;convenio marco&nbsp;que promete&nbsp;coordinar pol\u00edticas p\u00fablicas espec\u00edficas para los [&hellip;]<\/p>\n","protected":false},"author":2,"featured_media":13789,"comment_status":"open","ping_status":"open","sticky":false,"template":"","format":"standard","meta":[],"categories":[47],"tags":[],"_links":{"self":[{"href":"https:\/\/pasaenmendoza.com\/index.php?rest_route=\/wp\/v2\/posts\/13788"}],"collection":[{"href":"https:\/\/pasaenmendoza.com\/index.php?rest_route=\/wp\/v2\/posts"}],"about":[{"href":"https:\/\/pasaenmendoza.com\/index.php?rest_route=\/wp\/v2\/types\/post"}],"author":[{"embeddable":true,"href":"https:\/\/pasaenmendoza.com\/index.php?rest_route=\/wp\/v2\/users\/2"}],"replies":[{"embeddable":true,"href":"https:\/\/pasaenmendoza.com\/index.php?rest_route=%2Fwp%2Fv2%2Fcomments&post=13788"}],"version-history":[{"count":1,"href":"https:\/\/pasaenmendoza.com\/index.php?rest_route=\/wp\/v2\/posts\/13788\/revisions"}],"predecessor-version":[{"id":13790,"href":"https:\/\/pasaenmendoza.com\/index.php?rest_route=\/wp\/v2\/posts\/13788\/revisions\/13790"}],"wp:featuredmedia":[{"embeddable":true,"href":"https:\/\/pasaenmendoza.com\/index.php?rest_route=\/wp\/v2\/media\/13789"}],"wp:attachment":[{"href":"https:\/\/pasaenmendoza.com\/index.php?rest_route=%2Fwp%2Fv2%2Fmedia&parent=13788"}],"wp:term":[{"taxonomy":"category","embeddable":true,"href":"https:\/\/pasaenmendoza.com\/index.php?rest_route=%2Fwp%2Fv2%2Fcategories&post=13788"},{"taxonomy":"post_tag","embeddable":true,"href":"https:\/\/pasaenmendoza.com\/index.php?rest_route=%2Fwp%2Fv2%2Ftags&post=13788"}],"curies":[{"name":"wp","href":"https:\/\/api.w.org\/{rel}","templated":true}]}}