{"id":13791,"date":"2025-07-04T15:30:58","date_gmt":"2025-07-04T13:30:58","guid":{"rendered":"https:\/\/pasaenmendoza.com\/?p=13791"},"modified":"2025-07-04T15:30:59","modified_gmt":"2025-07-04T13:30:59","slug":"el-tiempo-en-mendoza-viernes-con-leve-ascenso-de-la-temperatura-y-heladas-parciales","status":"publish","type":"post","link":"https:\/\/pasaenmendoza.com\/?p=13791","title":{"rendered":"El tiempo en Mendoza: viernes con leve ascenso de la temperatura y heladas parciales"},"content":{"rendered":"\n<p>Luego de la intensa ola polar,&nbsp;<strong>Mendoza<\/strong>&nbsp;amaneci\u00f3 este<strong>&nbsp;viernes<\/strong>&nbsp;con cielo algo nublado, ascenso de la temperatura y heladas parciales. Adem\u00e1s, se prev\u00e9n vientos leves del sector sur y poco nuboso en cordillera.&nbsp;<strong>La m\u00ednima ser\u00e1 de 0 grados y la m\u00e1xima llegar\u00e1 a los 16.<\/strong><\/p>\n\n\n\n<p>Para el&nbsp;<strong>s\u00e1bado<\/strong>, la Direcci\u00f3n de Contingencias Clim\u00e1ticas indica: \u201cPoca nubosidad con poco cambio de la temperatura, vientos de direcci\u00f3n variable, heladas parciales. Poco nuboso en cordillera\u201d.&nbsp;<strong>La m\u00ednima ser\u00e1 de 1 grado y la m\u00e1xima de 15.<\/strong><\/p>\n\n\n\n<p>En tanto, para el\u00a0<strong>domingo<\/strong>\u00a0se pronostica: \u201cPoca nubosidad con ascenso de la temperatura, vientos moderados del sector sur. Nevadas en cordillera\u201d.\u00a0<strong>La m\u00ednima ser\u00e1 de 2 grados y la m\u00e1xima de 16.<\/strong><\/p>\n\n\n\n<p><strong>Fuente: www.elsol.com.ar<\/strong><\/p>\n","protected":false},"excerpt":{"rendered":"<p>Luego de la intensa ola polar,&nbsp;Mendoza&nbsp;amaneci\u00f3 este&nbsp;viernes&nbsp;con cielo algo nublado, ascenso de la temperatura y heladas parciales. Adem\u00e1s, se prev\u00e9n vientos leves del sector sur y poco nuboso en cordillera.&nbsp;La m\u00ednima ser\u00e1 de 0 grados y la m\u00e1xima llegar\u00e1 a los 16. Para el&nbsp;s\u00e1bado, la Direcci\u00f3n de Contingencias Clim\u00e1ticas indica: \u201cPoca nubosidad con poco cambio [&hellip;]<\/p>\n","protected":false},"author":2,"featured_media":13792,"comment_status":"open","ping_status":"open","sticky":false,"template":"","format":"standard","meta":[],"categories":[52],"tags":[],"_links":{"self":[{"href":"https:\/\/pasaenmendoza.com\/index.php?rest_route=\/wp\/v2\/posts\/13791"}],"collection":[{"href":"https:\/\/pasaenmendoza.com\/index.php?rest_route=\/wp\/v2\/posts"}],"about":[{"href":"https:\/\/pasaenmendoza.com\/index.php?rest_route=\/wp\/v2\/types\/post"}],"author":[{"embeddable":true,"href":"https:\/\/pasaenmendoza.com\/index.php?rest_route=\/wp\/v2\/users\/2"}],"replies":[{"embeddable":true,"href":"https:\/\/pasaenmendoza.com\/index.php?rest_route=%2Fwp%2Fv2%2Fcomments&post=13791"}],"version-history":[{"count":1,"href":"https:\/\/pasaenmendoza.com\/index.php?rest_route=\/wp\/v2\/posts\/13791\/revisions"}],"predecessor-version":[{"id":13793,"href":"https:\/\/pasaenmendoza.com\/index.php?rest_route=\/wp\/v2\/posts\/13791\/revisions\/13793"}],"wp:featuredmedia":[{"embeddable":true,"href":"https:\/\/pasaenmendoza.com\/index.php?rest_route=\/wp\/v2\/media\/13792"}],"wp:attachment":[{"href":"https:\/\/pasaenmendoza.com\/index.php?rest_route=%2Fwp%2Fv2%2Fmedia&parent=13791"}],"wp:term":[{"taxonomy":"category","embeddable":true,"href":"https:\/\/pasaenmendoza.com\/index.php?rest_route=%2Fwp%2Fv2%2Fcategories&post=13791"},{"taxonomy":"post_tag","embeddable":true,"href":"https:\/\/pasaenmendoza.com\/index.php?rest_route=%2Fwp%2Fv2%2Ftags&post=13791"}],"curies":[{"name":"wp","href":"https:\/\/api.w.org\/{rel}","templated":true}]}}