{"id":13794,"date":"2025-07-04T15:49:40","date_gmt":"2025-07-04T13:49:40","guid":{"rendered":"https:\/\/pasaenmendoza.com\/?p=13794"},"modified":"2025-07-04T15:49:41","modified_gmt":"2025-07-04T13:49:41","slug":"aumento-la-consulta-medica-en-mendoza-cuanto-cuesta-desde-julio-y-por-que","status":"publish","type":"post","link":"https:\/\/pasaenmendoza.com\/?p=13794","title":{"rendered":"Aument\u00f3 la consulta m\u00e9dica en Mendoza: cu\u00e1nto cuesta desde julio y por qu\u00e9"},"content":{"rendered":"\n<p>A partir del 1 de julio, rige en Mendoza un nuevo aumento en el valor de las consultas m\u00e9dicas. La actualizaci\u00f3n fue anunciada por la&nbsp;<strong>Federaci\u00f3n M\u00e9dica de Mendoza<\/strong>&nbsp;(FMM) y el&nbsp;<strong>C\u00edrculo M\u00e9dico de Mendoza<\/strong>&nbsp;(CMM), y representa una suba del&nbsp;<strong>1,5%<\/strong>.<\/p>\n\n\n\n<p>Con este ajuste, el valor de la consulta general qued\u00f3 establecido en:<\/p>\n\n\n\n<ul>\n<li><strong>$28.500<\/strong>&nbsp;para pacientes con&nbsp;<strong>obra social sindical o provincial<\/strong>&nbsp;(antes $28.000).<\/li>\n\n\n\n<li><strong>$32.500<\/strong>&nbsp;para afiliados a&nbsp;<strong>prepagas comerciales<\/strong>&nbsp;(antes $32.000).<\/li>\n<\/ul>\n\n\n\n<h2 class=\"wp-block-heading\" id=\"h-por-que-se-actualizan-los-valores\">Por qu\u00e9 se actualizan los valores<\/h2>\n\n\n\n<p>Seg\u00fan explic\u00f3&nbsp;<strong>Lodovico Palma<\/strong>, titular del CMM y la FMM, la suba obedece a la necesidad de garantizar la calidad del sistema de salud.<\/p>\n\n\n\n<p>\u201cMejorar los honorarios m\u00e9dicos no es un reclamo antojadizo, sino una condici\u00f3n indispensable para asegurar una atenci\u00f3n de calidad y preservar la dignidad del ejercicio profesional\u201d, sostuvo.<\/p>\n\n\n\n<p>Palma tambi\u00e9n advirti\u00f3 sobre los\u00a0<strong>atrasos en los pagos<\/strong>\u00a0por parte de obras sociales y prepagas, lo que \u2014seg\u00fan dijo\u2014\u00a0<em>\u201cafecta directamente al profesional y, en consecuencia, al paciente\u201d.<\/em><\/p>\n\n\n\n<p>La actualizaci\u00f3n mensual de los aranceles es parte de un acuerdo interno entre las entidades m\u00e9dicas y busca mantener el servicio frente al impacto de la inflaci\u00f3n y el retraso en las liquidaciones.<\/p>\n\n\n\n<p><strong>Fuente: www.elsol.com.ar<\/strong><\/p>\n","protected":false},"excerpt":{"rendered":"<p>A partir del 1 de julio, rige en Mendoza un nuevo aumento en el valor de las consultas m\u00e9dicas. La actualizaci\u00f3n fue anunciada por la&nbsp;Federaci\u00f3n M\u00e9dica de Mendoza&nbsp;(FMM) y el&nbsp;C\u00edrculo M\u00e9dico de Mendoza&nbsp;(CMM), y representa una suba del&nbsp;1,5%. Con este ajuste, el valor de la consulta general qued\u00f3 establecido en: Por qu\u00e9 se actualizan los [&hellip;]<\/p>\n","protected":false},"author":2,"featured_media":13795,"comment_status":"open","ping_status":"open","sticky":false,"template":"","format":"standard","meta":[],"categories":[79,58],"tags":[],"_links":{"self":[{"href":"https:\/\/pasaenmendoza.com\/index.php?rest_route=\/wp\/v2\/posts\/13794"}],"collection":[{"href":"https:\/\/pasaenmendoza.com\/index.php?rest_route=\/wp\/v2\/posts"}],"about":[{"href":"https:\/\/pasaenmendoza.com\/index.php?rest_route=\/wp\/v2\/types\/post"}],"author":[{"embeddable":true,"href":"https:\/\/pasaenmendoza.com\/index.php?rest_route=\/wp\/v2\/users\/2"}],"replies":[{"embeddable":true,"href":"https:\/\/pasaenmendoza.com\/index.php?rest_route=%2Fwp%2Fv2%2Fcomments&post=13794"}],"version-history":[{"count":1,"href":"https:\/\/pasaenmendoza.com\/index.php?rest_route=\/wp\/v2\/posts\/13794\/revisions"}],"predecessor-version":[{"id":13796,"href":"https:\/\/pasaenmendoza.com\/index.php?rest_route=\/wp\/v2\/posts\/13794\/revisions\/13796"}],"wp:featuredmedia":[{"embeddable":true,"href":"https:\/\/pasaenmendoza.com\/index.php?rest_route=\/wp\/v2\/media\/13795"}],"wp:attachment":[{"href":"https:\/\/pasaenmendoza.com\/index.php?rest_route=%2Fwp%2Fv2%2Fmedia&parent=13794"}],"wp:term":[{"taxonomy":"category","embeddable":true,"href":"https:\/\/pasaenmendoza.com\/index.php?rest_route=%2Fwp%2Fv2%2Fcategories&post=13794"},{"taxonomy":"post_tag","embeddable":true,"href":"https:\/\/pasaenmendoza.com\/index.php?rest_route=%2Fwp%2Fv2%2Ftags&post=13794"}],"curies":[{"name":"wp","href":"https:\/\/api.w.org\/{rel}","templated":true}]}}