{"id":13803,"date":"2025-07-04T23:37:32","date_gmt":"2025-07-04T21:37:32","guid":{"rendered":"https:\/\/pasaenmendoza.com\/?p=13803"},"modified":"2025-07-04T23:37:33","modified_gmt":"2025-07-04T21:37:33","slug":"ahora-jose-luis-ramon-y-daniel-orozco-se-hicieron-creyentes-y-buscan-sumarte-a-vos","status":"publish","type":"post","link":"https:\/\/pasaenmendoza.com\/?p=13803","title":{"rendered":"Ahora Jose Luis Ram\u00f3n y Daniel Orozco se hicieron &#8220;creyentes&#8221; y buscan sumarte &#8220;a vos&#8221;"},"content":{"rendered":"\n<p>Pari\u00f3 nom\u00e1s la nona. El resultado es que tenemos un\u00a0<strong>nueva alianza pol\u00edtica<\/strong>\u00a0en Mendoza. La encabezan dos personajes cuya caracterizaci\u00f3n ideol\u00f3gica podr\u00eda ser la del pol\u00edtico de variedades. Uno es el abogado\u00a0<strong>Jos\u00e9 Luis Ram\u00f3n,<\/strong>\u00a0ex Protectora, hoy todav\u00eda filo kirchnerista o neoperonista, ma\u00f1ana se ver\u00e1<strong>,<\/strong>\u00a0aunque podr\u00eda volver a &#8220;protector&#8221;<strong>.\u00a0<\/strong>El otro es el m\u00e9dico<strong>\u00a0Daniel Orozco,<\/strong>\u00a0ex intendente radical de Las Heras y ex candidato a vicegobernador por el demarchismo, e imputado por la Justicia bajo la acusaci\u00f3n de fraude.<\/p>\n\n\n\n<p>La alianza que han conformado estos &#8220;<strong>K\u00e9 personajes&#8221;<\/strong>\u00a0de la pol\u00edtica local se llama (\u00a1ag\u00e1rrense, y no precisamente de las manos!)\u00a0&#8220;Creer en Mendoza, con vos&#8221;. \u00bfConmigo? dir\u00e1 usted al ver a las dos figuras que lo dirigen. Empero, como usted es educado, les contestar\u00e1: &#8220;perd\u00f3nenme, pero ya dimos&#8221;.<\/p>\n\n\n\n<p>Dig\u00e1moslo de entrada:\u00a0<strong>el nombre elegido para esta aventura pol\u00edtica<\/strong>\u00a0es raro y largo, con una coma al medio que suena innecesaria. Es una marca imposible de sintetizar en una sigla&#8230; \u00bfCEMCV? \u00bfC\u00f3mo trasladar\u00a0<strong>&#8220;Creer en Mendoza, con vos&#8221;<\/strong>\u00a0a un t\u00edtulo. Eso es empezar con ganas de joder al pr\u00f3jimo.<\/p>\n\n\n\n<p>Algunos&nbsp;<strong>adoradores de los memes<\/strong>&nbsp;ya les respondieron -al toque- en las redes: &#8220;Con vos Ram\u00f3n, Mendoza no cree&#8221;. O &#8220;Mendoza no va con vos, Orozco, porque sos de no creer!&#8221;. O &#8220;\u00bfCree Mendoza en ustedes? &#8220;\u00a1No!&#8221;.<\/p>\n\n\n\n<p>\u00bfC\u00f3mo llamar\u00e1n los periodistas a esta nueva dupla pol\u00edtica? Ram\u00f3n, Orozco y sus ac\u00f3litos podr\u00edan ser de ahora en m\u00e1s &#8220;<strong>los creyentes<\/strong><strong>&#8220;,&nbsp;<\/strong>sobre todo si tenemos en cuenta que el n\u00facleo ideol\u00f3gico parece ser la acci\u00f3n de creer. Ser\u00e1 una l\u00e1stima si esto falla porque podr\u00eda ser le\u00eddo como que&nbsp;<strong>se tom\u00f3 el nombre de Mendoza en vano.<\/strong><\/p>\n\n\n\n<h2 class=\"wp-block-heading\">Exceso de audacia<\/h2>\n\n\n\n<p><strong>Jos\u00e9 Luis Ram\u00f3n<\/strong>\u00a0y\u00a0<strong>Daniel Orozco<\/strong>\u00a0son dos hombres que tienen un tono que nos recuerda a aquellos protagonistas de comedia italiana de los a\u00f1os &#8217;60 y &#8217;70, tipo Ugo Tognazzi y Alberto Sordi. Atrasan, claro, pero\u00a0<strong>son osados, bizarros, resueltos, incluso temerarios.<\/strong><\/p>\n\n\n\n<p>Vienen bastante cascoteados, pero est\u00e1n dispuestos a insistir. Podr\u00edan pasar por&nbsp;<strong>dos avivatos naif<\/strong>&nbsp;o como exponentes de&nbsp;<strong>un tipo de viveza criolla<\/strong>&nbsp;con la que fingen poseer influencias y talentos. Ram\u00f3n, por caso, tiene predilecci\u00f3n por las puestas en escena.<\/p>\n\n\n\n<p>Ahora bien, no es lo mismo&nbsp;<strong>el desenfado de<\/strong><strong>&nbsp;Ram\u00f3n<\/strong>&nbsp;que los bolsos con 200.000 d\u00f3lares que el legislador peronista&nbsp;<strong>Edgardo Kueider<\/strong>&nbsp;quer\u00eda pasar a Paraguay. Lo de Ram\u00f3n parece&nbsp;<strong>un revival del folklore menemista<\/strong>, con sus ponchos y esas mantas que hac\u00eda ondear en las sesiones del Congreso como si \u00e9l fuera La Sole.<\/p>\n\n\n\n<p>Cultor de una\u00a0<strong>teatralidad de comparsa<\/strong>, ha disfrutado payaseando con los altavoces, meneando su cabellera leonina y haciendo gala de su verba de supuesto sabelotodo del interior profundo.\u00a0<strong>Santafesino, de Rufino<\/strong>, vino a Mendoza de chico porque su padre trabajaba en el ferrocarril y lo trasladaron a Palmira.<\/p>\n\n\n\n<p>En el caso de\u00a0<strong>Daniel Orozco\u00a0<\/strong>y de su esposa y ex funcionaria municipal\u00a0<strong>Janina Ortiz<\/strong>\u00a0la Justicia ya los ha\u00a0imputado por fraude a la administraci\u00f3n p\u00fablica en 16 ocasiones (seg\u00fan la fiscal\u00eda)\u00a0pero particularmente por el caso de la &#8220;<strong>cooperativa fantasma&#8221;<\/strong>\u00a0Manos a la Obra que recib\u00eda plata del municipio, fondos que en realidad habr\u00edan ido a otros fines.<\/p>\n\n\n\n<p><strong>Janina,<\/strong>&nbsp;que por entonces era secretar\u00eda de Gobierno de Orozco, est\u00e1 imputada, adem\u00e1s, por supuestas&nbsp;<strong>coacciones agravadas&nbsp;<\/strong>al haber obligado a una empleada de la Comuna de Las Heras a mantener relaciones sexuales y grabar el encuentro con el funcionario municipal<strong>&nbsp;Osvaldo Oyhenart&nbsp;<\/strong>en busca de informaci\u00f3n clave para el&nbsp;<strong>caso de las cooperativas<\/strong>.<\/p>\n\n\n\n<h2 class=\"wp-block-heading\">Uno y otro<\/h2>\n\n\n\n<p><strong>El m\u00e1s aparatoso&nbsp;<\/strong>de este d\u00fao es sin duda&nbsp;<strong>Jos\u00e9 Luis Ram\u00f3n<\/strong>, quien si bien no est\u00e1 embrollado en temas de presunta corrupci\u00f3n s\u00ed est\u00e1 se\u00f1alado (en su rol de diputado provincial af\u00edn al peronismo) por&nbsp;<strong>&#8220;intromisi\u00f3n en la Justicia&#8221;<\/strong>&nbsp;para favorecer a Fecovita dentro de la disputa que esa empresa mantiene con la firma espa\u00f1ola Iberte.<\/p>\n\n\n\n<p>Este abogado fue en una \u00e9poca (junto con&nbsp;<strong>Mario Vadillo<\/strong>&nbsp;con quien termin\u00f3 para el traste), referente de los consumidores a trav\u00e9s de&nbsp;<strong>Protectora<\/strong>, una ONG que devino en partido pol\u00edtico lo que le permiti\u00f3 al \u00ednclito Ram\u00f3n llegar al Congreso nacional. No pas\u00f3 mucho tiempo para que se bajara del micro &#8220;protector&#8221; y se subiera&nbsp;<strong>a la clase ejecutiva del avi\u00f3n negro del kirchnerismo<\/strong>. para luego recalar en el \u00e1mbito legislativo de Mendoza, donde a\u00fan est\u00e1 con bloque propio.<\/p>\n\n\n\n<p>En el otro rinc\u00f3n,&nbsp;<strong>Orozco y su esposa Janina fueron dinamita<\/strong>. Ambos juntaron la p\u00f3lvora y \u00e9l prendi\u00f3 el f\u00f3sforo.&nbsp;<strong>Se pele\u00f3 con Alfredo Cornejo<\/strong>&nbsp;porque no lo pusieron de candidato a vicegobernador de Cambia Mendoza. Ese patear el tablero abri\u00f3 las puertas para que la comuna de Las Heras explotara por los aires y saltara el pus que se ven\u00eda conteniendo.&nbsp;<strong>Su paso por La Uni\u00f3n Mendocina termin\u00f3 mal<\/strong>&nbsp;porque mal hab\u00eda arrancado.<\/p>\n\n\n\n<p>En 2015 cuando se sum\u00f3 a la actividad pol\u00edtica luego de haber trajinado&nbsp;<strong>su vida como m\u00e9dico cl\u00ednico y geront\u00f3logo,<\/strong>&nbsp;Orozco dijo que quer\u00eda ser intendente, aunque fuera por un s\u00f3lo per\u00edodo, para demostrar que&nbsp;<strong>se pod\u00eda hacer pol\u00edtica con buenas artes<\/strong>&nbsp;y volverse tranquilo a su consultorio.<\/p>\n\n\n\n<p>Orozco, que hab\u00eda tenido una&nbsp;<strong>primera gesti\u00f3n comunal bien considerada<\/strong>, le tom\u00f3 el gusto al poder y al ser reelecto intendente se largo a una alocada carrera para ser precandidato, primero a gobernador y despu\u00e9s a vice.<\/p>\n\n\n\n<p><strong>Midi\u00f3 y sopes\u00f3 con escasa visi\u00f3n pol\u00edtica<\/strong>\u00a0y desat\u00f3 un\u00a0terremoto en el municipio donde casi todo lo que tuviera que ver con \u00e9l y con su esposa fue a parar a los tribunales\u00a0sin permitirle levantar cabeza, algo que, insistidor, est\u00e1 tratando de dar vuelta con este retorno, en yunta con Ram\u00f3n, y en calidad de &#8220;creyentes&#8221; de un nueva alquimia.<\/p>\n\n\n\n<p><strong>Fuente: www.diariouno.com.ar<\/strong><\/p>\n","protected":false},"excerpt":{"rendered":"<p>Pari\u00f3 nom\u00e1s la nona. El resultado es que tenemos un\u00a0nueva alianza pol\u00edtica\u00a0en Mendoza. La encabezan dos personajes cuya caracterizaci\u00f3n ideol\u00f3gica podr\u00eda ser la del pol\u00edtico de variedades. Uno es el abogado\u00a0Jos\u00e9 Luis Ram\u00f3n,\u00a0ex Protectora, hoy todav\u00eda filo kirchnerista o neoperonista, ma\u00f1ana se ver\u00e1,\u00a0aunque podr\u00eda volver a &#8220;protector&#8221;.\u00a0El otro es el m\u00e9dico\u00a0Daniel Orozco,\u00a0ex intendente radical de [&hellip;]<\/p>\n","protected":false},"author":2,"featured_media":13804,"comment_status":"open","ping_status":"open","sticky":false,"template":"","format":"standard","meta":[],"categories":[47],"tags":[],"_links":{"self":[{"href":"https:\/\/pasaenmendoza.com\/index.php?rest_route=\/wp\/v2\/posts\/13803"}],"collection":[{"href":"https:\/\/pasaenmendoza.com\/index.php?rest_route=\/wp\/v2\/posts"}],"about":[{"href":"https:\/\/pasaenmendoza.com\/index.php?rest_route=\/wp\/v2\/types\/post"}],"author":[{"embeddable":true,"href":"https:\/\/pasaenmendoza.com\/index.php?rest_route=\/wp\/v2\/users\/2"}],"replies":[{"embeddable":true,"href":"https:\/\/pasaenmendoza.com\/index.php?rest_route=%2Fwp%2Fv2%2Fcomments&post=13803"}],"version-history":[{"count":1,"href":"https:\/\/pasaenmendoza.com\/index.php?rest_route=\/wp\/v2\/posts\/13803\/revisions"}],"predecessor-version":[{"id":13805,"href":"https:\/\/pasaenmendoza.com\/index.php?rest_route=\/wp\/v2\/posts\/13803\/revisions\/13805"}],"wp:featuredmedia":[{"embeddable":true,"href":"https:\/\/pasaenmendoza.com\/index.php?rest_route=\/wp\/v2\/media\/13804"}],"wp:attachment":[{"href":"https:\/\/pasaenmendoza.com\/index.php?rest_route=%2Fwp%2Fv2%2Fmedia&parent=13803"}],"wp:term":[{"taxonomy":"category","embeddable":true,"href":"https:\/\/pasaenmendoza.com\/index.php?rest_route=%2Fwp%2Fv2%2Fcategories&post=13803"},{"taxonomy":"post_tag","embeddable":true,"href":"https:\/\/pasaenmendoza.com\/index.php?rest_route=%2Fwp%2Fv2%2Ftags&post=13803"}],"curies":[{"name":"wp","href":"https:\/\/api.w.org\/{rel}","templated":true}]}}