{"id":13806,"date":"2025-07-04T23:42:46","date_gmt":"2025-07-04T21:42:46","guid":{"rendered":"https:\/\/pasaenmendoza.com\/?p=13806"},"modified":"2025-07-04T23:42:47","modified_gmt":"2025-07-04T21:42:47","slug":"el-concejo-deliberante-de-san-rafael-rechazo-la-quita-de-la-zona-fria-por-unanimidad","status":"publish","type":"post","link":"https:\/\/pasaenmendoza.com\/?p=13806","title":{"rendered":"El Concejo Deliberante de San Rafael rechaz\u00f3 la quita de la Zona Fr\u00eda por unanimidad"},"content":{"rendered":"\n<p>La<strong>\u00a0crisis econ\u00f3mica<\/strong>\u00a0que golpea al pa\u00eds, promete una nueva envestida contra los mendocinos. Esto porque seg\u00fan anunciaron desde el Ejecutivo Nacional, est\u00e1 prevista la eliminaci\u00f3n por decreto del beneficio que otorga la Ley de<strong>\u00a0Zona Fr\u00eda\u00a0<\/strong>(27.637).<\/p>\n\n\n\n<p>Esta ley permite un<strong>&nbsp;descuento<\/strong>&nbsp;de entre el<strong>&nbsp;30% y el 50%<\/strong>&nbsp;en la boleta del servicio, lo que implica que si una familia gastaba 30.000 pesos en concepto de gas natural, si la ley desaparece podr\u00eda pagar entre 42.000 y 60.000 pesos, dependiendo qu\u00e9 descuento perciba.<\/p>\n\n\n\n<p>Por este motivo, el&nbsp;<strong>Concejo Deliberante de San Rafael&nbsp;<\/strong>realiz\u00f3 un fuerte repudio a esta medida, que fue votado por unanimidad. El motivo es que atenta contra lo que los mendocinos necesitan para vivir dignamente -tal y como reza el comunicado enviado a los medios-<\/p>\n\n\n\n<p>As\u00ed lo se\u00f1al\u00f3\u00a0<strong>Samuel Barcudi (FDT)<\/strong>\u00a0, presidente del<strong>\u00a0HCD<\/strong>\u00a0de San Rafael.<\/p>\n\n\n\n<h2 class=\"wp-block-heading\">Argumentos para no aceptar la quita del subsidio de Zona Fr\u00eda<\/h2>\n\n\n\n<p>Los sanrafaelinos argumentaron que la medida tendr\u00eda un impacto &#8220;lapidario&#8221; en el presupuesto de jubilados, trabajadores informales y hogares monoparentales.<\/p>\n\n\n\n<p>En especial en los departamentos del sur como San Rafael, General Alvear y Malarg\u00fce, en donde es una &#8220;amenaza real para la salud y la vida&#8221;.<\/p>\n\n\n\n<p>Barcudi manifest\u00f3 que si se tomara esta medida &#8220;implicar\u00eda quitarle el derecho a miles de familias que dependen del gas para vivir con dignidad&#8221;. En el mismo sentido, el presidente del Concejo Deliberante consider\u00f3 la medida como &#8220;arbitraria&#8221; e &#8220;insensible&#8221;.<\/p>\n\n\n\n<h2 class=\"wp-block-heading\">Rechazan eliminar un beneficio que genera equidad<\/h2>\n\n\n\n<p>Lo que argumentaron desde el Concejo Deliberante de San Rafael es que eliminar el beneficio es injusto, ya que las regiones fr\u00edas tienen un consumo de gas estructuralmente m\u00e1s alto y pagar la misma tarifa que zonas templadas representa una carga desproporcionada.<\/p>\n\n\n\n<p>Por este motivo, consideran &#8220;inadmisible&#8221; que una ley aprobada por amplia mayor\u00eda en el Congreso sea derogada por un decreto, calificando la decisi\u00f3n de unilateral y desconectada de la realidad de las provincias.<\/p>\n\n\n\n<p><strong>Fuente: www.diariouno.com.ar<\/strong><\/p>\n","protected":false},"excerpt":{"rendered":"<p>La\u00a0crisis econ\u00f3mica\u00a0que golpea al pa\u00eds, promete una nueva envestida contra los mendocinos. Esto porque seg\u00fan anunciaron desde el Ejecutivo Nacional, est\u00e1 prevista la eliminaci\u00f3n por decreto del beneficio que otorga la Ley de\u00a0Zona Fr\u00eda\u00a0(27.637). Esta ley permite un&nbsp;descuento&nbsp;de entre el&nbsp;30% y el 50%&nbsp;en la boleta del servicio, lo que implica que si una familia gastaba [&hellip;]<\/p>\n","protected":false},"author":2,"featured_media":13807,"comment_status":"open","ping_status":"open","sticky":false,"template":"","format":"standard","meta":[],"categories":[47],"tags":[],"_links":{"self":[{"href":"https:\/\/pasaenmendoza.com\/index.php?rest_route=\/wp\/v2\/posts\/13806"}],"collection":[{"href":"https:\/\/pasaenmendoza.com\/index.php?rest_route=\/wp\/v2\/posts"}],"about":[{"href":"https:\/\/pasaenmendoza.com\/index.php?rest_route=\/wp\/v2\/types\/post"}],"author":[{"embeddable":true,"href":"https:\/\/pasaenmendoza.com\/index.php?rest_route=\/wp\/v2\/users\/2"}],"replies":[{"embeddable":true,"href":"https:\/\/pasaenmendoza.com\/index.php?rest_route=%2Fwp%2Fv2%2Fcomments&post=13806"}],"version-history":[{"count":1,"href":"https:\/\/pasaenmendoza.com\/index.php?rest_route=\/wp\/v2\/posts\/13806\/revisions"}],"predecessor-version":[{"id":13808,"href":"https:\/\/pasaenmendoza.com\/index.php?rest_route=\/wp\/v2\/posts\/13806\/revisions\/13808"}],"wp:featuredmedia":[{"embeddable":true,"href":"https:\/\/pasaenmendoza.com\/index.php?rest_route=\/wp\/v2\/media\/13807"}],"wp:attachment":[{"href":"https:\/\/pasaenmendoza.com\/index.php?rest_route=%2Fwp%2Fv2%2Fmedia&parent=13806"}],"wp:term":[{"taxonomy":"category","embeddable":true,"href":"https:\/\/pasaenmendoza.com\/index.php?rest_route=%2Fwp%2Fv2%2Fcategories&post=13806"},{"taxonomy":"post_tag","embeddable":true,"href":"https:\/\/pasaenmendoza.com\/index.php?rest_route=%2Fwp%2Fv2%2Ftags&post=13806"}],"curies":[{"name":"wp","href":"https:\/\/api.w.org\/{rel}","templated":true}]}}