{"id":13809,"date":"2025-07-04T23:53:28","date_gmt":"2025-07-04T21:53:28","guid":{"rendered":"https:\/\/pasaenmendoza.com\/?p=13809"},"modified":"2025-07-04T23:53:30","modified_gmt":"2025-07-04T21:53:30","slug":"godoy-cruz-activo-estacionamiento-medido-en-la-zona-del-feliciano-gambarte-durante-los-partidos","status":"publish","type":"post","link":"https:\/\/pasaenmendoza.com\/?p=13809","title":{"rendered":"Godoy Cruz activ\u00f3 estacionamiento medido en la zona del Feliciano Gambarte durante los partidos"},"content":{"rendered":"\n<p>La Municipalidad de<strong>\u00a0Godoy Cruz<\/strong>\u00a0dispuso estacionamiento medido en la zona del estadio\u00a0<strong>Feliciano Gambarte<\/strong>\u00a0en donde el Tomba har\u00e1 de local a partir de esta temporada.<\/p>\n\n\n\n<p>Seg\u00fan decret\u00f3 el intendente&nbsp;<strong>Diego Costarelli<\/strong>, el arancelamiento de 17 calles aleda\u00f1as al estadio se activar\u00e1 solo los d\u00edas de partido u otras actividades de concurrencia masiva.<\/p>\n\n\n\n<p>La novedad se conoci\u00f3 este viernes por la publicaci\u00f3n de la norma en el Bolet\u00edn Oficial. Se aplicar\u00e1 desde este s\u00e1bado 5 de julio, d\u00eda para el que el club\u00a0<strong>Godoy Cruz\u00a0<\/strong>prepar\u00f3 un evento de reinauguraci\u00f3n por su vuelta al\u00a0<strong>Gambarte<\/strong>.<\/p>\n\n\n\n<p>El dato es importante dado que el&nbsp;<strong>Tomba&nbsp;<\/strong>no habilitar\u00e1&nbsp;<strong>estacionamiento&nbsp;<\/strong>dentro de sus instalaciones.<\/p>\n\n\n\n<h2 class=\"wp-block-heading\">El regreso del f\u00fatbol al Feliciano Gambarte llega con estacionamiento medido<\/h2>\n\n\n\n<p>Fue a trav\u00e9s del\u00a0decreto N\u00b0 2.333 que la Municipalidad de\u00a0<strong>Godoy Cruz\u00a0<\/strong>oficializ\u00f3 la incorporaci\u00f3n de una nueva zona de estacionamiento medido eventual: ser\u00e1 en los alrededores del estadio\u00a0<strong>Feliciano Gambarte<\/strong>.<\/p>\n\n\n\n<p>La medida se aplicar\u00e1 exclusivamente los d\u00edas de&nbsp;<strong>partidos&nbsp;<\/strong>oficiales u otras actividades de concurrencia masiva, con el objetivo de ordenar el tr\u00e1nsito y garantizar la seguridad urbana.<\/p>\n\n\n\n<p>Regir\u00e1 desde dos horas antes hasta dos horas despu\u00e9s de cada evento en el\u00a0<strong>Gambarte<\/strong>.<\/p>\n\n\n\n<p>Seg\u00fan detalla la norma, el estacionamiento pago comprender\u00e1:<\/p>\n\n\n\n<ul>\n<li>Lencinas costado Sur, desde Mitre hasta San Mart\u00edn.<\/li>\n\n\n\n<li>Dorrego, ambos costados, desde Belgrano hasta Balcarce.<\/li>\n\n\n\n<li>Belgrano, costado Este, desde Lencinas hasta Presidente Alvear.<\/li>\n\n\n\n<li>Balcarce, ambos costados, desde Rivadavia hasta Presidente Alvear.<\/li>\n\n\n\n<li>Mitre, costado Este, desde Rivadavia hasta Lencinas.<\/li>\n\n\n\n<li>Garibaldi, ambos costados, desde Rivadavia hasta J. Newbery.<\/li>\n\n\n\n<li>Vaqui\u00e9 ambos costados, desde Rivadavia hasta J. Newbery.<\/li>\n\n\n\n<li>Montecaseros, costado Norte, desde Mitre a Belgrano<\/li>\n\n\n\n<li>Avellaneda, costado Sur, desde Belgrano a Balcarce.<\/li>\n\n\n\n<li>Thom\u00e1s \u00c9dison, ambos costados, desde Dr. Erlich a Emilio Zol\u00e1.<\/li>\n\n\n\n<li>Yapey\u00fa ,ambos costados, desde Belgrano a Thom\u00e1s \u00c9dison.<\/li>\n\n\n\n<li>Emilio Zol\u00e1 ,ambos costados, desde Belgrano a Balcarce.<\/li>\n\n\n\n<li>Juan de Garay costado Sur, desde Belgrano a Balcarce.<\/li>\n\n\n\n<li>Presidente Alvear, ambos costados, desde Balcarce a canal Cacique Guaymall\u00e9n y costado Norte, desde Belgrano a San Mart\u00edn.<\/li>\n\n\n\n<li>Jean Jaures, costado Norte, desde Belgrano a Marconi.<\/li>\n\n\n\n<li>Marconi, costado Este, desde Jean Jaures a Adolfo Calle y ambos costados desde Adolfo calle a Juan de Garay.<\/li>\n\n\n\n<li>Dr. Erlich, costado Sur, desde Balcarce a San Mart\u00edn.<\/li>\n<\/ul>\n\n\n\n<p>El intendente\u00a0<strong>Diego Costarelli\u00a0<\/strong>explic\u00f3 en los argumentos del decreto que la decisi\u00f3n responde al regreso de los partidos oficiales al\u00a0<strong>Gambarte<\/strong>, hecho considerado de &#8220;alto valor simb\u00f3lico, social e identitario&#8221; por la comuna, ya que fortalece el sentido de pertenencia barrial y el reconocimiento del estadio como sede activa del deporte nacional.<\/p>\n\n\n\n<p>Y que lo que busca la medida es \u201canticiparse a posibles&nbsp;<strong>conflictos<\/strong>\u201d, reducir el impacto negativo de las aglomeraciones vehiculares y \u201cconsolidar un modelo de ciudad sostenible e inclusiva\u201d.<\/p>\n\n\n\n<p>A los vecinos frentistas de estas zonas aleda\u00f1as al&nbsp;<strong>Feliciano Gambarte<\/strong>, se les garantizar\u00e1n mecanismos de exenci\u00f3n del cobro.<\/p>\n\n\n\n<h2 class=\"wp-block-heading\">Todo lo que hay que saber de la reinauguraci\u00f3n en el Feliciano Gambarte<\/h2>\n\n\n\n<p>El operativo comenzar\u00e1 a las\u00a0<strong>16,\u00a0<\/strong>momento en el que se abrir\u00e1n los accesos al\u00a0estadio del\u00a0<strong>Club Godoy Cruz Antonio Tomba<\/strong>\u00a0para recibir a los miles de tombinos que asistir\u00e1n a esta jornada hist\u00f3rica. Desde la organizaci\u00f3n recomiendan llegar con anticipaci\u00f3n, portar el DNI y respetar la ubicaci\u00f3n asignada en cada entrada, ya que no estar\u00e1 permitido el cambio de tribuna una vez dentro del estadio.<\/p>\n\n\n\n<p>No se podr\u00e1 ingresar con bebidas alcoh\u00f3licas y pirotecnia. S\u00ed estar\u00e1 habilitado el ingreso con equipo de mate, y habr\u00e1 puestos de comida r\u00e1pida, food trucks y venta de bebidas sin alcohol en todos los sectores. Godoy Cruz aclar\u00f3 adem\u00e1s que no habr\u00e1&nbsp;<strong>estacionamiento&nbsp;<\/strong>dentro del club.<\/p>\n\n\n\n<p>La jornada en el<strong>\u00a0Feliciano Gambarte<\/strong>\u00a0culminar\u00e1 despu\u00e9s de las 20.30, con un show musical y audiovisual de alto impacto.<\/p>\n\n\n\n<p><strong>Fuente: www.diariouno.com.ar<\/strong><\/p>\n","protected":false},"excerpt":{"rendered":"<p>La Municipalidad de\u00a0Godoy Cruz\u00a0dispuso estacionamiento medido en la zona del estadio\u00a0Feliciano Gambarte\u00a0en donde el Tomba har\u00e1 de local a partir de esta temporada. Seg\u00fan decret\u00f3 el intendente&nbsp;Diego Costarelli, el arancelamiento de 17 calles aleda\u00f1as al estadio se activar\u00e1 solo los d\u00edas de partido u otras actividades de concurrencia masiva. La novedad se conoci\u00f3 este viernes [&hellip;]<\/p>\n","protected":false},"author":2,"featured_media":13810,"comment_status":"open","ping_status":"open","sticky":false,"template":"","format":"standard","meta":[],"categories":[81],"tags":[],"_links":{"self":[{"href":"https:\/\/pasaenmendoza.com\/index.php?rest_route=\/wp\/v2\/posts\/13809"}],"collection":[{"href":"https:\/\/pasaenmendoza.com\/index.php?rest_route=\/wp\/v2\/posts"}],"about":[{"href":"https:\/\/pasaenmendoza.com\/index.php?rest_route=\/wp\/v2\/types\/post"}],"author":[{"embeddable":true,"href":"https:\/\/pasaenmendoza.com\/index.php?rest_route=\/wp\/v2\/users\/2"}],"replies":[{"embeddable":true,"href":"https:\/\/pasaenmendoza.com\/index.php?rest_route=%2Fwp%2Fv2%2Fcomments&post=13809"}],"version-history":[{"count":1,"href":"https:\/\/pasaenmendoza.com\/index.php?rest_route=\/wp\/v2\/posts\/13809\/revisions"}],"predecessor-version":[{"id":13811,"href":"https:\/\/pasaenmendoza.com\/index.php?rest_route=\/wp\/v2\/posts\/13809\/revisions\/13811"}],"wp:featuredmedia":[{"embeddable":true,"href":"https:\/\/pasaenmendoza.com\/index.php?rest_route=\/wp\/v2\/media\/13810"}],"wp:attachment":[{"href":"https:\/\/pasaenmendoza.com\/index.php?rest_route=%2Fwp%2Fv2%2Fmedia&parent=13809"}],"wp:term":[{"taxonomy":"category","embeddable":true,"href":"https:\/\/pasaenmendoza.com\/index.php?rest_route=%2Fwp%2Fv2%2Fcategories&post=13809"},{"taxonomy":"post_tag","embeddable":true,"href":"https:\/\/pasaenmendoza.com\/index.php?rest_route=%2Fwp%2Fv2%2Ftags&post=13809"}],"curies":[{"name":"wp","href":"https:\/\/api.w.org\/{rel}","templated":true}]}}