{"id":1381,"date":"2023-09-12T15:29:40","date_gmt":"2023-09-12T13:29:40","guid":{"rendered":"https:\/\/pasaenmendoza.com\/?p=1381"},"modified":"2023-09-12T15:29:41","modified_gmt":"2023-09-12T13:29:41","slug":"los-hipotecados-uva-entre-los-que-hay-7-500-mendocinos-acusaron-a-los-bancos-de-seguir-mintiendo","status":"publish","type":"post","link":"https:\/\/pasaenmendoza.com\/?p=1381","title":{"rendered":"Los hipotecados UVA, entre los que hay 7.500 mendocinos, acusaron a los bancos de &#8220;seguir mintiendo&#8221;"},"content":{"rendered":"\n<p>Con fuertes calificativos contra los bancos -especialmente el BCRA-\u00a0los\u00a0<strong>Hipotecados UVA Autoconvocados\u00a0<\/strong>-entre los que est\u00e1n cerca de<strong>\u00a07.500 mendocinos<\/strong>&#8211; salieron a reclamar soluciones para no seguir sufriendo los incrementos de la cuotas de los cr\u00e9ditos que tomaron por el sistema\u00a0<strong>UVA (Unidad de valor Adquisitivo)<\/strong>.<\/p>\n\n\n\n<p>La agrupaci\u00f3n que nuclea a quienes se sienten perjudicados hizo conocer&nbsp;<strong>su malestar por el tratamiento recibido la semana pasada<\/strong>&nbsp;en la reuni\u00f3n de la comisi\u00f3n de Presupuesto y Hacienda del Senado de la Naci\u00f3n.&nbsp;<strong>Denunci\u00f3 una postura socarrona y despectiva de los legisladores, sin especificar si trat\u00f3 de todos o de una parte.<\/strong><\/p>\n\n\n\n<p>Tras este encuentro en el que aseguran que no hubo avances, los Hipotecados UVA Autoconvocados divulgaron un documento bajo el t\u00edtulo\u00a0<strong>&#8220;Los bancos siguen mintiendo&#8221;.<\/strong><\/p>\n\n\n\n<h2 class=\"wp-block-heading\"><strong>&#8220;Los bancos siguen mintiendo&#8221;, dicen los hipotecados UVA<\/strong><\/h2>\n\n\n\n<p>&#8220;<strong>La publicidad del Banco Central totalmente enga\u00f1osa<\/strong>&nbsp;cuando se lanzaron los Cr\u00e9ditos Hipotecarios UVA dec\u00eda textualmente:<strong>&nbsp;&#8216;En los pr\u00e9stamos en UVAs, las cuotas se mantienen siempre como una porci\u00f3n estable de tus ingresos a\u00fan en el caso de que la inflaci\u00f3n suba&#8217;.&nbsp;<\/strong>De esta forma se entreg\u00f3 el destino de las familias hipotecadas y el derecho a la vivienda digna, reconocido internacionalmente y en nuestra constituci\u00f3n, al sistema financiero&#8221;, se\u00f1ala el comunicado conocido esta semana.<\/p>\n\n\n\n<p>Para los hipotecados &#8220;las entidades bancarias sostienen&nbsp;<strong>una conducta abusiva<\/strong>, y qued\u00f3 reflejado el d\u00eda jueves 7 de septiembre cuando fueron invitados a la comisi\u00f3n de Presupuesto y Hacienda del Senado. Algunos expositores mantuvieron una&nbsp;<strong>postura socarrona y despectiva<\/strong>&nbsp;para referirse a las familias,&nbsp;<strong>sin tener la m\u00e1s m\u00ednima empat\u00eda<\/strong>&nbsp;y respeto por la realidad que vivimos&#8221;.<\/p>\n\n\n\n<p><strong>&#8220;Hemos denunciado que la informaci\u00f3n brindada al momento de tomar estos cr\u00e9ditos no fue lo suficientemente clara. Nos tildan pr\u00e1cticamente de ignorantes, cuando es obligaci\u00f3n de las entidades financieras instruir a sus empleados para que despejen de forma certera, correcta y sin errores las dudas e inquietudes de las familias que comprometieron su futuro a 30 a\u00f1os&#8221;<\/strong><\/p>\n\n\n\n<p>La nota suma adem\u00e1s que &#8220;a\u00fan hoy siguen&nbsp;<strong>negando la informaci\u00f3n b\u00e1sica necesaria<\/strong>&nbsp;para ejercer nuestros derechos o interpretan las normativas en nuestro perjuicio, pr\u00e1cticas prohibidas por la Constituci\u00f3n Nacional y la Ley de Defensa del Consumidor&#8221;.<\/p>\n\n\n\n<p>&#8220;<strong>Mienten<\/strong>&nbsp;cuando hablan del segmento de poblaci\u00f3n que tom\u00f3 estos cr\u00e9ditos, no todos pertenecemos al sector mejor remunerado o de altos ingresos. Con ese argumento tan infame&nbsp;<strong>intentan deslegitimar nuestro RECLAMO<\/strong>. Muchas familias somos monotributistas, empleados estatales, municipales, docentes y de fuerzas de seguridad en todo el pa\u00eds, adem\u00e1s de miles de hogares monomarentales. Y todos con distintas realidades seg\u00fan cada provincia&#8221;, dice otro p\u00e1rrafo de la publicaci\u00f3n.<\/p>\n\n\n\n<p>Para los hipotecados, &#8220;algo que s\u00ed quedo claro, por lo que manifestaron los expositores, es que los bancos obtienen&nbsp;<strong>m\u00e1rgenes de rentabilidad<\/strong>&nbsp;muy convenientes con la usura&nbsp;<strong>UVA<\/strong>, contrastando y marcando la profunda desigualdad con la realidad de las familias trabajadoras que mes a mes hacemos&nbsp;<strong>un sacrificio colosal por pagar las cuotas<\/strong>, atadas a las cajas de ahorro sueldos y en algunos casos hasta a las tarjetas de cr\u00e9dito<strong>. Dichas cuotas se incrementan por paquetes de productos bancarios que el banco impuso de forma compulsiva cuando nos otorg\u00f3 el cr\u00e9dito&#8221;.<\/strong><\/p>\n\n\n\n<p>Ya apuntando a la clase dirigente, el comunicado dice en sus tramos finales:&nbsp;<strong>&#8220;pese al reconocimiento y al relato que todos los espacios pol\u00edticos han manifestado a esta situaci\u00f3n, no hubo decisi\u00f3n pol\u00edtica para lograr a\u00fan una soluci\u00f3n definitiva a la USURA UVA, que sigue siendo sostenida y avalada por el Estado&#8221;.<\/strong><\/p>\n\n\n\n<p><strong>&#8220;Desde el inicio de este colectivo, hemos acompa\u00f1ado nuestro reclamo con una propuesta seria, viable y justa. La misma se basa en la aplicaci\u00f3n real del concepto del esfuerzo compartido, entre deudores y acreedores&#8221;<\/strong>.<\/p>\n\n\n\n<h2 class=\"wp-block-heading\">Propuestas de los Hipotecados UVA Autonconvocados<\/h2>\n\n\n\n<p>Para ofrecer un margen razonable de soluci\u00f3n a la problem\u00e1tica de las familias, propusieron que se contemple la incorporaci\u00f3n de los siguientes elementos:<\/p>\n\n\n\n<ul>\n<li>Se debe&nbsp;<strong>retrotraer la deuda a agosto 2019<\/strong>&nbsp;para la aplicaci\u00f3n de las modificaciones en el sistema.<\/li>\n\n\n\n<li>Se debe utilizar una modalidad superadora de actualizaci\u00f3n de cuotas, como el coeficiente&nbsp;<strong>Casa Propia<\/strong>.<\/li>\n\n\n\n<li>Se debe determinar una&nbsp;<strong>tasa tope<\/strong>&nbsp;que no supere el 3,5%.<\/li>\n\n\n\n<li>Se debe establecer un tope a la&nbsp;<strong>relaci\u00f3n cuota ingreso<\/strong>&nbsp;que sea igual a la del origen de los cr\u00e9ditos, o sea el&nbsp;<strong>25%.<\/strong><\/li>\n\n\n\n<li>Se deben incluir a&nbsp;<strong>todos los cr\u00e9ditos<\/strong>&nbsp;cuyas hipotecas sean para vivienda \u00fanica, familiar y de uso permanente.<\/li>\n<\/ul>\n\n\n\n<p>Por \u00faltimo, pidieron &#8220;por favor a nuestros legisladores que\u00a0<strong>defiendan y cuiden los intereses de las familias trabajadoras<\/strong>, que somos la parte m\u00e1s vulnerable de esta ecuaci\u00f3n y nos encontramos en una situaci\u00f3n de profunda desigualdad frente al sistema financiero.<strong>\u00a0De forma urgente se debe llegar a una soluci\u00f3n de fondo y definitiva que nos permita pagar SIN USURA hipotecas justas, asequibles y sostenibles en el tiempo&#8221;.<\/strong><\/p>\n\n\n\n<p><strong>Fuente: www.diariouno.com.ar<\/strong><\/p>\n","protected":false},"excerpt":{"rendered":"<p>Con fuertes calificativos contra los bancos -especialmente el BCRA-\u00a0los\u00a0Hipotecados UVA Autoconvocados\u00a0-entre los que est\u00e1n cerca de\u00a07.500 mendocinos&#8211; salieron a reclamar soluciones para no seguir sufriendo los incrementos de la cuotas de los cr\u00e9ditos que tomaron por el sistema\u00a0UVA (Unidad de valor Adquisitivo). La agrupaci\u00f3n que nuclea a quienes se sienten perjudicados hizo conocer&nbsp;su malestar por [&hellip;]<\/p>\n","protected":false},"author":2,"featured_media":1382,"comment_status":"open","ping_status":"open","sticky":false,"template":"","format":"standard","meta":[],"categories":[50],"tags":[],"_links":{"self":[{"href":"https:\/\/pasaenmendoza.com\/index.php?rest_route=\/wp\/v2\/posts\/1381"}],"collection":[{"href":"https:\/\/pasaenmendoza.com\/index.php?rest_route=\/wp\/v2\/posts"}],"about":[{"href":"https:\/\/pasaenmendoza.com\/index.php?rest_route=\/wp\/v2\/types\/post"}],"author":[{"embeddable":true,"href":"https:\/\/pasaenmendoza.com\/index.php?rest_route=\/wp\/v2\/users\/2"}],"replies":[{"embeddable":true,"href":"https:\/\/pasaenmendoza.com\/index.php?rest_route=%2Fwp%2Fv2%2Fcomments&post=1381"}],"version-history":[{"count":3,"href":"https:\/\/pasaenmendoza.com\/index.php?rest_route=\/wp\/v2\/posts\/1381\/revisions"}],"predecessor-version":[{"id":1385,"href":"https:\/\/pasaenmendoza.com\/index.php?rest_route=\/wp\/v2\/posts\/1381\/revisions\/1385"}],"wp:featuredmedia":[{"embeddable":true,"href":"https:\/\/pasaenmendoza.com\/index.php?rest_route=\/wp\/v2\/media\/1382"}],"wp:attachment":[{"href":"https:\/\/pasaenmendoza.com\/index.php?rest_route=%2Fwp%2Fv2%2Fmedia&parent=1381"}],"wp:term":[{"taxonomy":"category","embeddable":true,"href":"https:\/\/pasaenmendoza.com\/index.php?rest_route=%2Fwp%2Fv2%2Fcategories&post=1381"},{"taxonomy":"post_tag","embeddable":true,"href":"https:\/\/pasaenmendoza.com\/index.php?rest_route=%2Fwp%2Fv2%2Ftags&post=1381"}],"curies":[{"name":"wp","href":"https:\/\/api.w.org\/{rel}","templated":true}]}}