{"id":13815,"date":"2025-07-07T14:52:56","date_gmt":"2025-07-07T12:52:56","guid":{"rendered":"https:\/\/pasaenmendoza.com\/?p=13815"},"modified":"2025-07-07T14:52:57","modified_gmt":"2025-07-07T12:52:57","slug":"el-tiempo-en-mendoza-para-este-lunes-nublado-y-con-poco-cambio-de-temperatura","status":"publish","type":"post","link":"https:\/\/pasaenmendoza.com\/?p=13815","title":{"rendered":"El tiempo en Mendoza para este lunes: nublado y con poco cambio de temperatura"},"content":{"rendered":"\n<p>La&nbsp;<strong>temperatura m\u00e1xima para este lunes alcanzar\u00e1 los 16 grados cent\u00edgrados<\/strong>&nbsp;-otros modelos estiman que subir\u00e1 a 18 grados-, mientras que la&nbsp;<strong>m\u00ednima ser\u00e1 de 6 grados cent\u00edgrados.<\/strong><\/p>\n\n\n\n<p>El pron\u00f3stico de la Direcci\u00f3n de Contingencias Clim\u00e1ticas adelant\u00f3 que habr\u00e1 \u201c<em>poca nubosidad con poco cambio de la temperatura, vientos leves del noreste<\/em>\u201c.<\/p>\n\n\n\n<p>Tambi\u00e9n se esperan\u00a0<strong>heladas parciales matinales.<\/strong><\/p>\n\n\n\n<p>En el caso de la alta monta\u00f1a: \u201c<em>Poco nuboso en cordillera<\/em>\u201c. Estar\u00e1 algo ventoso.<\/p>\n\n\n\n<p>Comenzar\u00e1 de esta manera una semana con temperaturas irregulares, con m\u00ednimas que descender\u00e1 a los 2 grados cent\u00edgrados y m\u00e1ximas que subir\u00e1n hasta los 18\/19 grados cent\u00edgrados.<\/p>\n\n\n\n<p>Se espera cierta inestabilidad para el mi\u00e9rcoles y el ingreso de un frente fr\u00edo para el jueves, los dos d\u00edas m\u00e1s fr\u00edos de la semana.<\/p>\n\n\n\n<p><strong>Fuente: www.elsol.com.ar<\/strong><\/p>\n","protected":false},"excerpt":{"rendered":"<p>La&nbsp;temperatura m\u00e1xima para este lunes alcanzar\u00e1 los 16 grados cent\u00edgrados&nbsp;-otros modelos estiman que subir\u00e1 a 18 grados-, mientras que la&nbsp;m\u00ednima ser\u00e1 de 6 grados cent\u00edgrados. El pron\u00f3stico de la Direcci\u00f3n de Contingencias Clim\u00e1ticas adelant\u00f3 que habr\u00e1 \u201cpoca nubosidad con poco cambio de la temperatura, vientos leves del noreste\u201c. Tambi\u00e9n se esperan\u00a0heladas parciales matinales. En el [&hellip;]<\/p>\n","protected":false},"author":2,"featured_media":13816,"comment_status":"open","ping_status":"open","sticky":false,"template":"","format":"standard","meta":[],"categories":[52],"tags":[],"_links":{"self":[{"href":"https:\/\/pasaenmendoza.com\/index.php?rest_route=\/wp\/v2\/posts\/13815"}],"collection":[{"href":"https:\/\/pasaenmendoza.com\/index.php?rest_route=\/wp\/v2\/posts"}],"about":[{"href":"https:\/\/pasaenmendoza.com\/index.php?rest_route=\/wp\/v2\/types\/post"}],"author":[{"embeddable":true,"href":"https:\/\/pasaenmendoza.com\/index.php?rest_route=\/wp\/v2\/users\/2"}],"replies":[{"embeddable":true,"href":"https:\/\/pasaenmendoza.com\/index.php?rest_route=%2Fwp%2Fv2%2Fcomments&post=13815"}],"version-history":[{"count":1,"href":"https:\/\/pasaenmendoza.com\/index.php?rest_route=\/wp\/v2\/posts\/13815\/revisions"}],"predecessor-version":[{"id":13817,"href":"https:\/\/pasaenmendoza.com\/index.php?rest_route=\/wp\/v2\/posts\/13815\/revisions\/13817"}],"wp:featuredmedia":[{"embeddable":true,"href":"https:\/\/pasaenmendoza.com\/index.php?rest_route=\/wp\/v2\/media\/13816"}],"wp:attachment":[{"href":"https:\/\/pasaenmendoza.com\/index.php?rest_route=%2Fwp%2Fv2%2Fmedia&parent=13815"}],"wp:term":[{"taxonomy":"category","embeddable":true,"href":"https:\/\/pasaenmendoza.com\/index.php?rest_route=%2Fwp%2Fv2%2Fcategories&post=13815"},{"taxonomy":"post_tag","embeddable":true,"href":"https:\/\/pasaenmendoza.com\/index.php?rest_route=%2Fwp%2Fv2%2Ftags&post=13815"}],"curies":[{"name":"wp","href":"https:\/\/api.w.org\/{rel}","templated":true}]}}