{"id":13825,"date":"2025-07-07T17:58:45","date_gmt":"2025-07-07T15:58:45","guid":{"rendered":"https:\/\/pasaenmendoza.com\/?p=13825"},"modified":"2025-07-07T17:58:46","modified_gmt":"2025-07-07T15:58:46","slug":"buscan-a-un-joven-desaparecido-hace-mas-de-15-dias-en-godoy-cruz","status":"publish","type":"post","link":"https:\/\/pasaenmendoza.com\/?p=13825","title":{"rendered":"Buscan a un joven desaparecido hace m\u00e1s de 15 d\u00edas en Godoy Cruz"},"content":{"rendered":"\n<p>La Oficina Fiscal de Godoy Cruz solicita la colaboraci\u00f3n de la comunidad para localizar a&nbsp;<strong>Alex Franco Sim\u00f3n Sombra<\/strong>, un joven de 22 a\u00f1os que fue visto por \u00faltima vez el 18 de junio a las 18:00 horas. Seg\u00fan el expediente oficial, Alex&nbsp;<strong>sali\u00f3 de su domicilio en el barrio Corredor Urbano II y no regres\u00f3 desde entonces<\/strong>.<\/p>\n\n\n\n<p>Las autoridades&nbsp;<strong>solicitan que cualquier persona que tenga informaci\u00f3n sobre su paradero o haya tenido contacto con \u00e9l, se comunique de inmediato al n\u00famero de emergencias 911.<\/strong>&nbsp;La Fiscal\u00eda de Instrucci\u00f3n N\u00b01, especializada en Homicidios y Violencia Institucional, est\u00e1 a cargo de la investigaci\u00f3n.<\/p>\n\n\n\n<p>El Ministerio P\u00fablico Fiscal<strong>\u00a0difundi\u00f3 la fotograf\u00eda oficial para ayudar en la identificaci\u00f3n y difusi\u00f3n del caso<\/strong>. La colaboraci\u00f3n de la poblaci\u00f3n es clave para avanzar en la b\u00fasqueda de Alex y garantizar su seguridad.\u00a0 Cualquier dato puede ser fundamental para resolver esta situaci\u00f3n.<\/p>\n\n\n\n<p><strong>Fuente: www.mendozapost.com<\/strong><\/p>\n","protected":false},"excerpt":{"rendered":"<p>La Oficina Fiscal de Godoy Cruz solicita la colaboraci\u00f3n de la comunidad para localizar a&nbsp;Alex Franco Sim\u00f3n Sombra, un joven de 22 a\u00f1os que fue visto por \u00faltima vez el 18 de junio a las 18:00 horas. Seg\u00fan el expediente oficial, Alex&nbsp;sali\u00f3 de su domicilio en el barrio Corredor Urbano II y no regres\u00f3 desde [&hellip;]<\/p>\n","protected":false},"author":2,"featured_media":13826,"comment_status":"open","ping_status":"open","sticky":false,"template":"","format":"standard","meta":[],"categories":[48],"tags":[],"_links":{"self":[{"href":"https:\/\/pasaenmendoza.com\/index.php?rest_route=\/wp\/v2\/posts\/13825"}],"collection":[{"href":"https:\/\/pasaenmendoza.com\/index.php?rest_route=\/wp\/v2\/posts"}],"about":[{"href":"https:\/\/pasaenmendoza.com\/index.php?rest_route=\/wp\/v2\/types\/post"}],"author":[{"embeddable":true,"href":"https:\/\/pasaenmendoza.com\/index.php?rest_route=\/wp\/v2\/users\/2"}],"replies":[{"embeddable":true,"href":"https:\/\/pasaenmendoza.com\/index.php?rest_route=%2Fwp%2Fv2%2Fcomments&post=13825"}],"version-history":[{"count":1,"href":"https:\/\/pasaenmendoza.com\/index.php?rest_route=\/wp\/v2\/posts\/13825\/revisions"}],"predecessor-version":[{"id":13827,"href":"https:\/\/pasaenmendoza.com\/index.php?rest_route=\/wp\/v2\/posts\/13825\/revisions\/13827"}],"wp:featuredmedia":[{"embeddable":true,"href":"https:\/\/pasaenmendoza.com\/index.php?rest_route=\/wp\/v2\/media\/13826"}],"wp:attachment":[{"href":"https:\/\/pasaenmendoza.com\/index.php?rest_route=%2Fwp%2Fv2%2Fmedia&parent=13825"}],"wp:term":[{"taxonomy":"category","embeddable":true,"href":"https:\/\/pasaenmendoza.com\/index.php?rest_route=%2Fwp%2Fv2%2Fcategories&post=13825"},{"taxonomy":"post_tag","embeddable":true,"href":"https:\/\/pasaenmendoza.com\/index.php?rest_route=%2Fwp%2Fv2%2Ftags&post=13825"}],"curies":[{"name":"wp","href":"https:\/\/api.w.org\/{rel}","templated":true}]}}