{"id":13828,"date":"2025-07-07T21:05:43","date_gmt":"2025-07-07T19:05:43","guid":{"rendered":"https:\/\/pasaenmendoza.com\/?p=13828"},"modified":"2025-07-07T21:05:44","modified_gmt":"2025-07-07T19:05:44","slug":"cornejo-valoro-que-la-poblacion-en-carceles-sea-la-mas-alta-en-anos-y-que-cada-vez-mas-presos-trabajen","status":"publish","type":"post","link":"https:\/\/pasaenmendoza.com\/?p=13828","title":{"rendered":"Cornejo valor\u00f3 que la poblaci\u00f3n en c\u00e1rceles sea &#8220;la m\u00e1s alta en a\u00f1os&#8221; y que cada vez m\u00e1s presos trabajen"},"content":{"rendered":"\n<p>El\u00a0gobernador\u00a0<strong>Alfredo Cornejo<\/strong>\u00a0destac\u00f3 la puesta en marcha de la primera f\u00e1brica de papel higi\u00e9nico y servilletas que se instala dentro de un\u00a0<strong>establecimiento penitenciario<\/strong>\u00a0de Mendoza, y en el mismo acto destac\u00f3 que &#8220;nunca la provincia ha tenido tanta poblaci\u00f3n&#8221; en las c\u00e1rceles, a la par que subrayaba que una porci\u00f3n importante de los internos estudia o trabaja.<\/p>\n\n\n\n<p>&#8220;Es muy relevante que incorporemos una nueva empresa privada a trabajar aqu\u00ed en la&nbsp;<strong>penitenciar\u00eda<\/strong>. En nuestra provincia los presos trabajan y estudian en un porcentaje alt\u00edsimo. Hoy, para que dimensionen, tenemos alrededor de&nbsp;<strong>6.700 personas privadas de la libertad<\/strong>&nbsp;en 20 complejos penitenciarios. Y adem\u00e1s tenemos otras 600 personas con prisi\u00f3n domiciliaria (&#8230;) Es el n\u00famero m\u00e1s grande de personas privadas de la libertad que ha tenido Mendoza en much\u00edsimos a\u00f1os&#8221;, remarc\u00f3 Cornejo cuando era entrevistado por la prensa en&nbsp;<strong>Almafuerte<\/strong>.<\/p>\n\n\n\n<p>El mandatario remarc\u00f3 que ese incremento &#8220;es parte del&nbsp;<strong>plan de seguridad<\/strong>&#8220;; aunque otra parte importante de la reinserci\u00f3n es &#8220;que trabajen y estudien&#8221;. &#8220;Que quien ingres\u00f3 con primaria o la secundaria incompleta la termine&#8221;, reclam\u00f3.<\/p>\n\n\n\n<p>De hecho, se estima que el 66% de la&nbsp;<strong>poblaci\u00f3n carcelaria<\/strong>&nbsp;est\u00e1 estudiando. &#8220;Y hay 2.400 personas trabajando, de las cuales 238 est\u00e1n empleadas por empresas privadas que operan aqu\u00ed&#8221;, apunt\u00f3 Cornejo.<\/p>\n\n\n\n<p>&#8220;La verdad -continu\u00f3- es que queremos que los presos trabajen, que se resocialicen. Eso es parte de tener una mejor<strong>&nbsp;seguridad en Mendoza<\/strong>, parte indisoluble del plan que estamos aplicando y por eso nos llena de orgullo seguir incorporando empresas&#8221;.<\/p>\n\n\n\n<p>El gobernador recalc\u00f3 que los salarios de estos empleados no salen del Estado, &#8220;sino que cobran de la empresa&#8221;. &#8220;No pone plata el Estado mendocino para esos trabajos, pero s\u00ed la&nbsp;<strong>empresa privada<\/strong>&nbsp;al darles un ingreso&#8221;, puntualiz\u00f3.<\/p>\n\n\n\n<h2 class=\"wp-block-heading\">Otra empresa privada que da empleo en el sistema penitenciario<\/h2>\n\n\n\n<p>A su turno,&nbsp;<strong>Ricardo Palacios<\/strong>, propietario de la firma&nbsp;<strong>Suavipack<\/strong>, valor\u00f3 la articulaci\u00f3n p\u00fablico-privada que permiti\u00f3 iniciar el proyecto. Y sum\u00f3: &#8220;Por supuesto que estamos dispuestos a contratar m\u00e1s personas; y vamos a capacitar a una mayor cantidad de trabajadores que los que nosotros podemos reinsertar. Por eso nos estamos contactando con otras empresas, para que puedan absorber a estas personas&#8221;.<\/p>\n\n\n\n<p>Seg\u00fan coment\u00f3, las instalaciones de Suavipack ser\u00e1n &#8220;la primera&nbsp;<strong>industria<\/strong>&nbsp;dentro de un servicio penitenciario&#8221;. Se trata de una&nbsp;<strong>f\u00e1brica&nbsp;<\/strong>que hace servilletas, papel higi\u00e9nico y diversos productos que involucran al papel tis\u00fa.<\/p>\n\n\n\n<p>En el evento tambi\u00e9n estaban el ministro de Producci\u00f3n de la provincia,\u00a0<strong>Rodolfo Vargas Arizu<\/strong>, y su par de la cartera de Seguridad,\u00a0<strong>Mercedes Rus<\/strong>. En di\u00e1logo con la prensa, la ministra consider\u00f3: &#8220;Ya hay 12 internos que est\u00e1n capacitados en esta industria de papel y la idea es que pronto sean 25. Incluso la empresa reci\u00e9n me dec\u00eda que est\u00e1n con la idea de traer una m\u00e1quina m\u00e1s, con lo cual ah\u00ed podemos ampliar la matr\u00edcula&#8221;.<\/p>\n\n\n\n<p>Al igual que Cornejo, Rus puso el foco en la&nbsp;<strong>ampliaci\u00f3n del sistema penitenciario<\/strong>&nbsp;que viene concretando Mendoza. &#8220;Se han construido en estos \u00faltimos tiempos m\u00e1s de 60.000 metros cuadrados. De esos, hay 3.500 metros cuadrados que se han reservado para&nbsp;<strong>empresas<\/strong>&#8220;.<\/p>\n\n\n\n<p>&#8220;El c\u00edrculo virtuoso es muy bueno porque no solo gana el servicio penitenciario, sino que tambi\u00e9n las\u00a0<strong>empresas\u00a0<\/strong>obtienen esta certificaci\u00f3n de que el producto fue hecho en el marco de este programa que ayuda a la sociedad en general y tambi\u00e9n al sistema de seguridad&#8221;, sintetiz\u00f3.<\/p>\n\n\n\n<p><strong>Fuente: www.diariouno.com.ar<\/strong><\/p>\n","protected":false},"excerpt":{"rendered":"<p>El\u00a0gobernador\u00a0Alfredo Cornejo\u00a0destac\u00f3 la puesta en marcha de la primera f\u00e1brica de papel higi\u00e9nico y servilletas que se instala dentro de un\u00a0establecimiento penitenciario\u00a0de Mendoza, y en el mismo acto destac\u00f3 que &#8220;nunca la provincia ha tenido tanta poblaci\u00f3n&#8221; en las c\u00e1rceles, a la par que subrayaba que una porci\u00f3n importante de los internos estudia o trabaja. [&hellip;]<\/p>\n","protected":false},"author":2,"featured_media":13829,"comment_status":"open","ping_status":"open","sticky":false,"template":"","format":"standard","meta":[],"categories":[47],"tags":[],"_links":{"self":[{"href":"https:\/\/pasaenmendoza.com\/index.php?rest_route=\/wp\/v2\/posts\/13828"}],"collection":[{"href":"https:\/\/pasaenmendoza.com\/index.php?rest_route=\/wp\/v2\/posts"}],"about":[{"href":"https:\/\/pasaenmendoza.com\/index.php?rest_route=\/wp\/v2\/types\/post"}],"author":[{"embeddable":true,"href":"https:\/\/pasaenmendoza.com\/index.php?rest_route=\/wp\/v2\/users\/2"}],"replies":[{"embeddable":true,"href":"https:\/\/pasaenmendoza.com\/index.php?rest_route=%2Fwp%2Fv2%2Fcomments&post=13828"}],"version-history":[{"count":1,"href":"https:\/\/pasaenmendoza.com\/index.php?rest_route=\/wp\/v2\/posts\/13828\/revisions"}],"predecessor-version":[{"id":13830,"href":"https:\/\/pasaenmendoza.com\/index.php?rest_route=\/wp\/v2\/posts\/13828\/revisions\/13830"}],"wp:featuredmedia":[{"embeddable":true,"href":"https:\/\/pasaenmendoza.com\/index.php?rest_route=\/wp\/v2\/media\/13829"}],"wp:attachment":[{"href":"https:\/\/pasaenmendoza.com\/index.php?rest_route=%2Fwp%2Fv2%2Fmedia&parent=13828"}],"wp:term":[{"taxonomy":"category","embeddable":true,"href":"https:\/\/pasaenmendoza.com\/index.php?rest_route=%2Fwp%2Fv2%2Fcategories&post=13828"},{"taxonomy":"post_tag","embeddable":true,"href":"https:\/\/pasaenmendoza.com\/index.php?rest_route=%2Fwp%2Fv2%2Ftags&post=13828"}],"curies":[{"name":"wp","href":"https:\/\/api.w.org\/{rel}","templated":true}]}}