{"id":13834,"date":"2025-07-07T21:17:16","date_gmt":"2025-07-07T19:17:16","guid":{"rendered":"https:\/\/pasaenmendoza.com\/?p=13834"},"modified":"2025-07-07T21:17:17","modified_gmt":"2025-07-07T19:17:17","slug":"macri-metido-en-la-politica-mendocina-volvio-de-marchi-y-los-detalles-del-acercamiento-a-los-menem","status":"publish","type":"post","link":"https:\/\/pasaenmendoza.com\/?p=13834","title":{"rendered":"Macri metido en la pol\u00edtica mendocina, volvi\u00f3 De Marchi y los detalles del acercamiento a los Menem"},"content":{"rendered":"\n<p>El martes al mediod\u00eda<strong>\u00a0Gabriel Pradines<\/strong>\u00a0almorz\u00f3 con<strong>\u00a0Mauricio Macri<\/strong>. Cuatro personas en total, en casa de un referente conocido, en\u00a0<strong>Buenos Aires<\/strong>. Fue invitaci\u00f3n inesperada del expresidente a trav\u00e9s de su secretaria -tres d\u00edas antes-, cuentan adentro.<\/p>\n\n\n\n<p>S\u00f3lo el dato ya es interesante. Toma m\u00e1s cuerpo si se suma que al mismo tiempo, a principios de semana,&nbsp;<strong>Esteban Allasino<\/strong>&nbsp;tambi\u00e9n estuvo en CABA y se reuni\u00f3 en Casa Rosada con&nbsp;<strong>Eduardo \u201cLule\u201d Menem<\/strong>, armador de los importantes del mile\u00edsmo, en su despacho.<\/p>\n\n\n\n<p>Temas varios para ambas reuniones, aunque se sabe del peso de&nbsp;<strong>\u201cLule\u201d<\/strong>&nbsp;en la c\u00fapula que toma decisiones mirando a acuerdos de LLA con las fuerzas provinciales. Precisamente, esos dos mendocinos son los que se mueven en nombre de&nbsp;<strong>Omar De Marchi<\/strong>&nbsp;tanto en Mendoza como fuera de ella. En Buenos Aires lo tiene fijo al diputado&nbsp;<strong>\u00c1lvaro Mart\u00ednez<\/strong>.<\/p>\n\n\n\n<p>Son d\u00edas en los que en&nbsp;<strong>LAUM<\/strong>&nbsp;pone una marcha m\u00e1s en el operativo de cerrar, ellos, un frente con&nbsp;<strong>Milei.<\/strong>&nbsp;Los azuza creer que el acuerdo con&nbsp;<strong>Cornejo&nbsp;<\/strong>est\u00e1 enfriado a punto de dif\u00edcil retorno y que, aunque no se ha mencionado casi, se sienten la opci\u00f3n m\u00e1s \u201cnatural\u201d de esa alianza con los libertarios.<\/p>\n\n\n\n<p>El\u00a0<strong>Gobierno\u00a0<\/strong>sabe, es obvio, que en la otra vereda sue\u00f1an con que fracase ese v\u00ednculo, y que adem\u00e1s\u00a0<strong>La Uni\u00f3n<\/strong>\u00a0puede ser peligrosa si engorda sus bloques legislativos con una elecci\u00f3n montada al tren\u00a0<strong>Milei<\/strong>. En la semana, algunos tel\u00e9fonos oficiales ardieron con la versi\u00f3n de un lanzamiento apresurado, una conferencia de prensa del lujanino el mi\u00e9rcoles a la tarde.<\/p>\n\n\n\n<p>Jam\u00e1s estuvo pensada. Para meter m\u00e1s le\u00f1a, alguien tambi\u00e9n ech\u00f3 a rodar el dato de un encuentro secreto entre&nbsp;<strong>De Marchi&nbsp;<\/strong>y&nbsp;<strong>Petri<\/strong>&nbsp;la semana pasada. Tambi\u00e9n fue mentira. Eso s\u00ed: son varios los demarchistas que en el \u00faltimo tiempo le piden s\u00ed o s\u00ed al l\u00edder acercarse al petrismo, aunque s\u00f3lo sea para ir tanteando.<\/p>\n\n\n\n<p>A prop\u00f3sito,\u00a0<strong>Petri\u00a0<\/strong>iba a venir este s\u00e1bado a la\u00a0reapertura del Gambarte, pero lo demor\u00f3 agenda en Capital. Se habla de reuniones con funcionarios indios que estaban en Buenos Aires.<\/p>\n\n\n\n<h2 class=\"wp-block-heading\">El sue\u00f1o de los 86 diputados y el partido que va a dos puntas<\/h2>\n\n\n\n<p>De Marchi reapareci\u00f3 este s\u00e1bado en el encuentro del&nbsp;<strong>PRO&nbsp;<\/strong>en el Sheraton, pero sin anuncios \u00bfEst\u00e1 totalmente descartado que juegue como&nbsp;<strong>candidato<\/strong>? Dicen que no. Para el Congreso tambi\u00e9n lo miden a&nbsp;<strong>\u00c1lvaro Mart\u00ednez<\/strong>, al que se le vence el per\u00edodo en diciembre.<\/p>\n\n\n\n<p>Al mile\u00edsmo le sirve un conocido de los popes en CABA. En\u00a0<strong>LLA\u00a0<\/strong>lo dejaron claro en las\u00a0reuniones postbochorno del mi\u00e9rcoles en\u00a0<strong>Diputados<\/strong>: les quita el sue\u00f1o, ahora m\u00e1s que antes, llegar a 86 bancas: los dos tercios de la C\u00e1mara Baja. Es el n\u00famero decisivo, por ejemplo, para blindar los vetos de\u00a0<strong>Milei\u00a0<\/strong>a jubilaciones y otros proyectos &#8220;deficitarios\u201d.<\/p>\n\n\n\n<p>En los encuentros en Buenos Aires, lo que tratan de remarcar es que no quieren ir con&nbsp;<strong>Cornejo<\/strong>&nbsp;bajo ning\u00fan aspecto. Algo as\u00ed marcan tambi\u00e9n en el fuero local. Se lo dijeron al&nbsp;<strong>Partido Libertario<\/strong>, al que convocaron el lunes pasado a un encuentro de mesa chica en el centro. Estaban&nbsp;<strong>Pradines<\/strong>&nbsp;y otro senador de los fuertes del PRO,&nbsp;<strong>Valent\u00edn Gonz\u00e1lez<\/strong>.<\/p>\n\n\n\n<p>No los convencieron mucho con su propuesta de\u00a0<strong>LAUM 2.0<\/strong>. Adem\u00e1s, este Partido Libertario tiene demasiada buena onda con\u00a0<strong>Hebe\u00a0<\/strong>y parecen tener m\u00e1s ganas de que los llamen en\u00a0<strong>Cambia Mendoza\u00a0<\/strong>que de acordar con los amarillos. Por supuesto, es m\u00e1s la importancia del nombre del PL \u2013y la gente que pueda atraer- que la de sus referentes, que no son tan conocidos. De hecho, la m\u00e1s popular con ese origen es la que quieren olvidar:\u00a0<strong>Lourdes Arrieta.<\/strong><\/p>\n\n\n\n<p>En&nbsp;<strong>LAUM<\/strong>&nbsp;tambi\u00e9n trabajan pensando en un escenario en el que quedan afuera del arreglo con&nbsp;<strong>Milei<\/strong>, y mirando a&nbsp;<strong>Cornejo&nbsp;<\/strong>adentro. Para eso, entre ellos mascullan un consuelo: arriesgan s\u00f3lo 4 bancas este a\u00f1o en la&nbsp;<strong>Legislatura<\/strong>&nbsp;(y en concejales, s\u00f3lo a&nbsp;<strong>Lucas Carosio<\/strong>&nbsp;en&nbsp;<strong>Capital<\/strong>); as\u00ed que, metiendo 15 puntos, una elecci\u00f3n de medio pelo, salvar\u00edan esos esca\u00f1os m\u00e1s alguno de yapa. Eso, si no parten a su electorado en dos fuerzas.<\/p>\n\n\n\n<h2 class=\"wp-block-heading\">De Marchi habla y la posible ruptura en La Uni\u00f3n<\/h2>\n\n\n\n<p>Este s\u00e1bado fue la reaparici\u00f3n p\u00fablica de&nbsp;<strong>Omar De Marchi<\/strong>, que estaba por debajo de todos los radares, con un silencio llamativo. \u201cA nosotros nos avala que somos coherentes y encima liberales desde el a\u00f1o uno, no como estos. Si queremos lanzarnos, convocamos una conferencia y nos lanzamos el mismo d\u00eda y chau. No tenemos que preparar dos meses a la gente\u201d, dice cuando le preguntan por ese mutismo estrat\u00e9gico.<\/p>\n\n\n\n<p>Pero incluso est\u00e1 alejado de los propios. Con&nbsp;<strong>Difonso&nbsp;<\/strong>y compa\u00f1\u00eda no habla desde hace tiempo. Aunque hace una salvedad con el&nbsp;<strong>PD<\/strong>. El contacto con los gansos lo sigue manejando casi exclusivamente \u00e9l, m\u00e1s que Pradines ni ning\u00fan otro. Y hay charlas todas las semanas.<\/p>\n\n\n\n<p>En parte es por ese alejamiento que la rama no-PRO de\u00a0<strong>LAUM\u00a0<\/strong>est\u00e1 fogoneando para el 11 una reuni\u00f3n con referentes de todos los departamentos. Lo har\u00e1n en el C\u00edrculo de Periodistas. Lo cont\u00f3 la colega Anal\u00eda Do\u00f1a: la idea que tienen es acercar \u2013ojo, tambi\u00e9n a las candidaturas- a algunos referentes de otros c\u00edrculos no pol\u00edticos: sobre todo de la cultura y el deporte de la provincia. Lo fuerte es que incluya, ya abiertamente, a\u00a0<strong>Roberto Righi<\/strong>.<\/p>\n\n\n\n<p>No quieren partir el espacio s\u00ed o s\u00ed, pero entienden que en buena medida van camino a eso. De ah\u00ed puede surgir una candidatura. Otras concreciones no asoman, salvo porque quieren llevar listas en todos los departamentos y se analiza que&nbsp;<strong>Difonso<\/strong>&nbsp;sea uno de los candidatos a diputado nacional. Una de las chances m\u00e1s fuertes es que encabece \u00e9l.<\/p>\n\n\n\n<p>Si se da, ser\u00eda interesante: puede haber tres o cuatro candidatos a diputado nacional que, cuatro a\u00f1os antes, estuvieron todos juntos en las mismas boletas de&nbsp;<strong>Cambia<\/strong>. Hay que empezar a alquilar balcones para los debates televisivos.<\/p>\n\n\n\n<p>Eso, si no avanza una frase que esta semana flot\u00f3 en la Legislatura: \u201cChe, deber\u00edamos hacer una\u00a0<strong>ley de debate \u00fanico<\/strong>\u00a0como hicimos en 2023 para gobernador. Si no, es una tortura ir a todos los canales, las radios y las escuelas\u201d.<\/p>\n\n\n\n<p><strong>Fuente: www.diariouno.com.ar<\/strong><\/p>\n","protected":false},"excerpt":{"rendered":"<p>El martes al mediod\u00eda\u00a0Gabriel Pradines\u00a0almorz\u00f3 con\u00a0Mauricio Macri. Cuatro personas en total, en casa de un referente conocido, en\u00a0Buenos Aires. Fue invitaci\u00f3n inesperada del expresidente a trav\u00e9s de su secretaria -tres d\u00edas antes-, cuentan adentro. S\u00f3lo el dato ya es interesante. Toma m\u00e1s cuerpo si se suma que al mismo tiempo, a principios de semana,&nbsp;Esteban Allasino&nbsp;tambi\u00e9n [&hellip;]<\/p>\n","protected":false},"author":2,"featured_media":13835,"comment_status":"open","ping_status":"open","sticky":false,"template":"","format":"standard","meta":[],"categories":[47],"tags":[],"_links":{"self":[{"href":"https:\/\/pasaenmendoza.com\/index.php?rest_route=\/wp\/v2\/posts\/13834"}],"collection":[{"href":"https:\/\/pasaenmendoza.com\/index.php?rest_route=\/wp\/v2\/posts"}],"about":[{"href":"https:\/\/pasaenmendoza.com\/index.php?rest_route=\/wp\/v2\/types\/post"}],"author":[{"embeddable":true,"href":"https:\/\/pasaenmendoza.com\/index.php?rest_route=\/wp\/v2\/users\/2"}],"replies":[{"embeddable":true,"href":"https:\/\/pasaenmendoza.com\/index.php?rest_route=%2Fwp%2Fv2%2Fcomments&post=13834"}],"version-history":[{"count":1,"href":"https:\/\/pasaenmendoza.com\/index.php?rest_route=\/wp\/v2\/posts\/13834\/revisions"}],"predecessor-version":[{"id":13836,"href":"https:\/\/pasaenmendoza.com\/index.php?rest_route=\/wp\/v2\/posts\/13834\/revisions\/13836"}],"wp:featuredmedia":[{"embeddable":true,"href":"https:\/\/pasaenmendoza.com\/index.php?rest_route=\/wp\/v2\/media\/13835"}],"wp:attachment":[{"href":"https:\/\/pasaenmendoza.com\/index.php?rest_route=%2Fwp%2Fv2%2Fmedia&parent=13834"}],"wp:term":[{"taxonomy":"category","embeddable":true,"href":"https:\/\/pasaenmendoza.com\/index.php?rest_route=%2Fwp%2Fv2%2Fcategories&post=13834"},{"taxonomy":"post_tag","embeddable":true,"href":"https:\/\/pasaenmendoza.com\/index.php?rest_route=%2Fwp%2Fv2%2Ftags&post=13834"}],"curies":[{"name":"wp","href":"https:\/\/api.w.org\/{rel}","templated":true}]}}