{"id":13840,"date":"2025-07-08T15:03:05","date_gmt":"2025-07-08T13:03:05","guid":{"rendered":"https:\/\/pasaenmendoza.com\/?p=13840"},"modified":"2025-07-08T15:03:06","modified_gmt":"2025-07-08T13:03:06","slug":"el-tiempo-en-mendoza-siguen-las-temperaturas-otonales-para-este-martes","status":"publish","type":"post","link":"https:\/\/pasaenmendoza.com\/?p=13840","title":{"rendered":"El tiempo en Mendoza: siguen las temperaturas oto\u00f1ales para este martes"},"content":{"rendered":"\n<p>La<strong>&nbsp;temperatura m\u00e1xima para este martes ser\u00e1 de 18 a 19 grados cent\u00edgrados<\/strong>, mientras que la&nbsp;<strong>m\u00ednima se ubicar\u00e1 en los 5 grados cent\u00edgrados<\/strong>.<\/p>\n\n\n\n<p>El pron\u00f3stico de la Direcci\u00f3n de Contingencias adelant\u00f3 que habr\u00e1 \u201c<em>tiempo bueno con poco cambio de la temperatura, vientos leves a moderados del sector sur<\/em>\u201c.<\/p>\n\n\n\n<p>Tambi\u00e9n se esperan \u201c<em>heladas parciales<\/em>\u201c. Tambi\u00e9n hay\u00a0<strong>probabilidades de neblinas.<\/strong><\/p>\n\n\n\n<p>En la alta monta\u00f1a: \u201c<em>Poco nuboso en cordillera<\/em>\u201c. Muy fr\u00edo: se esperan -13 grados.<\/p>\n\n\n\n<p><strong>Fuente: www.elsol.com.ar<\/strong><\/p>\n","protected":false},"excerpt":{"rendered":"<p>La&nbsp;temperatura m\u00e1xima para este martes ser\u00e1 de 18 a 19 grados cent\u00edgrados, mientras que la&nbsp;m\u00ednima se ubicar\u00e1 en los 5 grados cent\u00edgrados. El pron\u00f3stico de la Direcci\u00f3n de Contingencias adelant\u00f3 que habr\u00e1 \u201ctiempo bueno con poco cambio de la temperatura, vientos leves a moderados del sector sur\u201c. Tambi\u00e9n se esperan \u201cheladas parciales\u201c. Tambi\u00e9n hay\u00a0probabilidades de [&hellip;]<\/p>\n","protected":false},"author":2,"featured_media":13841,"comment_status":"open","ping_status":"open","sticky":false,"template":"","format":"standard","meta":[],"categories":[52],"tags":[],"_links":{"self":[{"href":"https:\/\/pasaenmendoza.com\/index.php?rest_route=\/wp\/v2\/posts\/13840"}],"collection":[{"href":"https:\/\/pasaenmendoza.com\/index.php?rest_route=\/wp\/v2\/posts"}],"about":[{"href":"https:\/\/pasaenmendoza.com\/index.php?rest_route=\/wp\/v2\/types\/post"}],"author":[{"embeddable":true,"href":"https:\/\/pasaenmendoza.com\/index.php?rest_route=\/wp\/v2\/users\/2"}],"replies":[{"embeddable":true,"href":"https:\/\/pasaenmendoza.com\/index.php?rest_route=%2Fwp%2Fv2%2Fcomments&post=13840"}],"version-history":[{"count":1,"href":"https:\/\/pasaenmendoza.com\/index.php?rest_route=\/wp\/v2\/posts\/13840\/revisions"}],"predecessor-version":[{"id":13842,"href":"https:\/\/pasaenmendoza.com\/index.php?rest_route=\/wp\/v2\/posts\/13840\/revisions\/13842"}],"wp:featuredmedia":[{"embeddable":true,"href":"https:\/\/pasaenmendoza.com\/index.php?rest_route=\/wp\/v2\/media\/13841"}],"wp:attachment":[{"href":"https:\/\/pasaenmendoza.com\/index.php?rest_route=%2Fwp%2Fv2%2Fmedia&parent=13840"}],"wp:term":[{"taxonomy":"category","embeddable":true,"href":"https:\/\/pasaenmendoza.com\/index.php?rest_route=%2Fwp%2Fv2%2Fcategories&post=13840"},{"taxonomy":"post_tag","embeddable":true,"href":"https:\/\/pasaenmendoza.com\/index.php?rest_route=%2Fwp%2Fv2%2Ftags&post=13840"}],"curies":[{"name":"wp","href":"https:\/\/api.w.org\/{rel}","templated":true}]}}