{"id":13847,"date":"2025-07-09T01:48:29","date_gmt":"2025-07-08T23:48:29","guid":{"rendered":"https:\/\/pasaenmendoza.com\/?p=13847"},"modified":"2025-07-09T01:48:30","modified_gmt":"2025-07-08T23:48:30","slug":"en-mendoza-hubo-siete-vuelos-cancelados-y-cuatro-demorados-por-la-niebla-en-varias-provincias","status":"publish","type":"post","link":"https:\/\/pasaenmendoza.com\/?p=13847","title":{"rendered":"En Mendoza hubo siete vuelos cancelados y cuatro demorados por la niebla en varias provincias"},"content":{"rendered":"\n<p>Por la\u00a0<strong>niebla<\/strong>\u00a0que afect\u00f3 a la Ciudad Aut\u00f3noma de Buenos Aires, Gran Buenos Aires, C\u00f3rdoba, La Pampa y Entre R\u00edos, hubo siete\u00a0<strong>vuelos\u00a0cancelados<\/strong>\u00a0y cuatro\u00a0<strong>demorados<\/strong>\u00a0este martes en Mendoza, seg\u00fan informaron desde el\u00a0<strong>aeropuerto El Plumerillo<\/strong>. Adem\u00e1s, no descartaron que vuelva a suceder lo mismo este mi\u00e9rcoles.<\/p>\n\n\n\n<p>Este fen\u00f3meno atmosf\u00e9rico, que el Servicio Meteorol\u00f3gico Nacional (SMN) estima que persistir\u00e1 hasta el jueves, redujo la visibilidad a menos de 100 metros y motiv\u00f3 un<strong>&nbsp;alerta violeta<\/strong>.<\/p>\n\n\n\n<p>Aunque no es tan grave como las advertencias rojas, naranjas o amarillas, indica la posibilidad de que se afecte el desarrollo normal de las actividades cotidianas, tal como ocurri\u00f3 en vuelos y accesos de la Capital Federal.<\/p>\n\n\n\n<figure class=\"wp-block-image\"><img decoding=\"async\" src=\"https:\/\/media.diariouno.com.ar\/p\/5cdbd6679e0f1144a1e77c135198308f\/adjuntos\/298\/imagenes\/009\/586\/0009586160\/1200x0\/smart\/vuelos-demorados-niebla-buenos-aires.png\" alt=\"\" title=\"\"\/><\/figure>\n\n\n\n<p>&#8220;Hoy tambi\u00e9n recibimos algunos vuelos derivados de Ezeiza, Chile y Houston&#8221;, explicaron\u00a0fuentes del aeropuerto.<\/p>\n\n\n\n<p>&#8220;En esta \u00e9poca del a\u00f1o, la niebla no solo se presenta en Aeroparque y Ezeiza,\u00a0sino tambi\u00e9n en Santiago de Chile. Estamos preparados; hay coordinaciones y procedimientos preestablecidos para atender esta situaci\u00f3n&#8221;, a\u00f1adieron.<\/p>\n\n\n\n<h2 class=\"wp-block-heading\">\u00bfQu\u00e9 hacer en el caso de niebla?<\/h2>\n\n\n\n<p>La&nbsp;<strong>niebla&nbsp;<\/strong>es definida por la Agencia Federal de Emergencias (AFE) como un fen\u00f3meno atmosf\u00e9rico que se presenta como una nube o capa nubosa de espesor y densidad variable, cuya base descansa en la superficie terrestre y que generalmente produce disminuci\u00f3n de la visibilidad horizontal a valores iguales o menores a un kil\u00f3metro.<\/p>\n\n\n\n<p>Las<strong>&nbsp;recomendaciones<\/strong>&nbsp;son las siguientes:<\/p>\n\n\n\n<ul>\n<li>Evitar circular en la medida de lo posible.<\/li>\n\n\n\n<li>Mantener distancia entre veh\u00edculos y no sobrepasar a otros.<\/li>\n\n\n\n<li>Encender las luces bajas y faros antiniebla.<\/li>\n\n\n\n<li>Reducir la velocidad.<\/li>\n\n\n\n<li>En la medida de lo posible, estacionar en un lugar seguro, no sobre banquinas o calzadas.<\/li>\n\n\n\n<li>Mantenerse informado de la situaci\u00f3n.<\/li>\n<\/ul>\n\n\n\n<p>Seg\u00fan el sitio especializado Meteored, la\u00a0<strong>alerta violeta por niebla<\/strong>\u00a0persistir\u00e1 este mi\u00e9rcoles para La Pampa, San Luis, C\u00f3rdoba, Santa Fe, Entre R\u00edos, Buenos Aires, Capital Federal y el R\u00edo de la Plata.<\/p>\n\n\n\n<p><strong>Fuente: www.diariouno.com.ar<\/strong><\/p>\n","protected":false},"excerpt":{"rendered":"<p>Por la\u00a0niebla\u00a0que afect\u00f3 a la Ciudad Aut\u00f3noma de Buenos Aires, Gran Buenos Aires, C\u00f3rdoba, La Pampa y Entre R\u00edos, hubo siete\u00a0vuelos\u00a0cancelados\u00a0y cuatro\u00a0demorados\u00a0este martes en Mendoza, seg\u00fan informaron desde el\u00a0aeropuerto El Plumerillo. Adem\u00e1s, no descartaron que vuelva a suceder lo mismo este mi\u00e9rcoles. Este fen\u00f3meno atmosf\u00e9rico, que el Servicio Meteorol\u00f3gico Nacional (SMN) estima que persistir\u00e1 hasta [&hellip;]<\/p>\n","protected":false},"author":2,"featured_media":13848,"comment_status":"open","ping_status":"open","sticky":false,"template":"","format":"standard","meta":[],"categories":[50],"tags":[],"_links":{"self":[{"href":"https:\/\/pasaenmendoza.com\/index.php?rest_route=\/wp\/v2\/posts\/13847"}],"collection":[{"href":"https:\/\/pasaenmendoza.com\/index.php?rest_route=\/wp\/v2\/posts"}],"about":[{"href":"https:\/\/pasaenmendoza.com\/index.php?rest_route=\/wp\/v2\/types\/post"}],"author":[{"embeddable":true,"href":"https:\/\/pasaenmendoza.com\/index.php?rest_route=\/wp\/v2\/users\/2"}],"replies":[{"embeddable":true,"href":"https:\/\/pasaenmendoza.com\/index.php?rest_route=%2Fwp%2Fv2%2Fcomments&post=13847"}],"version-history":[{"count":1,"href":"https:\/\/pasaenmendoza.com\/index.php?rest_route=\/wp\/v2\/posts\/13847\/revisions"}],"predecessor-version":[{"id":13849,"href":"https:\/\/pasaenmendoza.com\/index.php?rest_route=\/wp\/v2\/posts\/13847\/revisions\/13849"}],"wp:featuredmedia":[{"embeddable":true,"href":"https:\/\/pasaenmendoza.com\/index.php?rest_route=\/wp\/v2\/media\/13848"}],"wp:attachment":[{"href":"https:\/\/pasaenmendoza.com\/index.php?rest_route=%2Fwp%2Fv2%2Fmedia&parent=13847"}],"wp:term":[{"taxonomy":"category","embeddable":true,"href":"https:\/\/pasaenmendoza.com\/index.php?rest_route=%2Fwp%2Fv2%2Fcategories&post=13847"},{"taxonomy":"post_tag","embeddable":true,"href":"https:\/\/pasaenmendoza.com\/index.php?rest_route=%2Fwp%2Fv2%2Ftags&post=13847"}],"curies":[{"name":"wp","href":"https:\/\/api.w.org\/{rel}","templated":true}]}}