{"id":13853,"date":"2025-07-09T02:10:39","date_gmt":"2025-07-09T00:10:39","guid":{"rendered":"https:\/\/pasaenmendoza.com\/?p=13853"},"modified":"2025-07-09T02:10:40","modified_gmt":"2025-07-09T00:10:40","slug":"detuvieron-a-un-hombre-tras-el-incendio-de-un-terreno-que-funciono-como-basural-por-decadas","status":"publish","type":"post","link":"https:\/\/pasaenmendoza.com\/?p=13853","title":{"rendered":"Detuvieron a un hombre tras el incendio de un terreno que funcion\u00f3 como basural por d\u00e9cadas"},"content":{"rendered":"\n<p>Un\u00a0<strong>incendio<\/strong>\u00a0intencional registrado en la noche del lunes encendi\u00f3 las alarmas en\u00a0<strong>Guaymall\u00e9n<\/strong>. El fuego se desat\u00f3 en un\u00a0<strong>terreno\u00a0<\/strong>de m\u00e1s de 50 hect\u00e1reas ubicado en la intersecci\u00f3n de Severo del Castillo y Roque S\u00e1enz Pe\u00f1a, donde durante d\u00e9cadas oper\u00f3 un\u00a0<strong>basural<\/strong>\u00a0clandestino. Un hombre fue detenido por el hecho.<\/p>\n\n\n\n<p>En los \u00faltimos meses,\u00a0este sitio de Puente de Hierro hab\u00eda comenzado a ser intervenido\u00a0como parte del convenio de remediaci\u00f3n ambiental m\u00e1s importante de la provincia, firmado entre la Municipalidad de\u00a0<strong>Guaymall\u00e9n<\/strong>\u00a0y el Gobierno de Mendoza. La magnitud del fuego oblig\u00f3 a desplegar un importante operativo con participaci\u00f3n de Defensa Civil, Bomberos Voluntarios, Polic\u00eda de Mendoza y distintas \u00e1reas municipales y provinciales.<\/p>\n\n\n\n<p>Si bien el\u00a0<strong>incendio<\/strong>\u00a0no represent\u00f3 riesgo para las viviendas linderas, las complicaciones operativas durante la noche postergaron las tareas de sofocamiento hasta primeras horas de este martes.<\/p>\n\n\n\n<p>Seg\u00fan informaron fuentes oficiales, el origen del siniestro fue deliberado. \u201cEl&nbsp;<strong>incendio<\/strong>&nbsp;fue con intencionalidad por parte de uno de los hermanos herederos del&nbsp;<strong>terreno<\/strong>, Mario Gonz\u00e1lez, quien ya est\u00e1 detenido e imputado\u201d, confirm\u00f3 Juan Correa, director de Ambiente y Energ\u00eda del Municipio de&nbsp;<strong>Guaymall\u00e9n<\/strong>.<\/p>\n\n\n\n<p>La detenci\u00f3n fue ordenada por la Fiscal\u00eda N\u00b01 luego de que el hombre -vinculado a la explotaci\u00f3n del lugar- intentara impedir el trabajo de los bomberos, alegando supuestos incumplimientos por parte de la comuna. El operativo policial se concret\u00f3 en la Ruta 24, en inmediaciones del&nbsp;<strong>basural<\/strong>, tras una denuncia al 911.<\/p>\n\n\n\n<h2 class=\"wp-block-heading\">El principio del fin de un basural hist\u00f3rico en Guaymall\u00e9n<\/h2>\n\n\n\n<p>Durante m\u00e1s de tres d\u00e9cadas, el\u00a0<strong>terreno<\/strong>\u00a0funcion\u00f3 como un gran foco de contaminaci\u00f3n que afect\u00f3 la salud y calidad de vida de m\u00e1s de 15 barrios del departamento. All\u00ed no solo\u00a0se dispon\u00edan residuos de manera ilegal, sino que adem\u00e1s se desarrollaban actividades laborales en condiciones extremadamente precarias, de acuerdo la informaci\u00f3n que brind\u00f3 la municipalidad.<\/p>\n\n\n\n<p>\u201cEste lugar era el\u00a0<strong>basural<\/strong>\u00a0ambiental m\u00e1s importante de\u00a0<strong>Guaymall\u00e9n<\/strong>. Funcion\u00f3 as\u00ed durante m\u00e1s de 30 a\u00f1os, con una explotaci\u00f3n privada que generaba contaminaci\u00f3n y una econom\u00eda informal muy precaria\u201d, detall\u00f3 el funcionario municipal Juan Correa.<\/p>\n\n\n\n<p>La intervenci\u00f3n oficial incluy\u00f3 el cierre definitivo del\u00a0<strong>basural<\/strong>, el traslado operativo de los residuos a una planta habilitada -la de El Borboll\u00f3n, en Las Heras- y la puesta en marcha de un plan de remediaci\u00f3n ambiental. Adem\u00e1s, se encar\u00f3 un trabajo social y formativo con las personas que hist\u00f3ricamente hab\u00edan subsistido del reciclado informal.<\/p>\n\n\n\n<p>\u201cCon quienes trabajaban dentro del predio iniciamos un proceso de capacitaci\u00f3n para incorporarlos en un nuevo esquema productivo. Hoy tenemos una planta modelo en Los Sauces y estamos generando nuevas oportunidades mediante cooperativas con la recolecci\u00f3n diferenciada y el reciclado formal en la gesti\u00f3n de residuos s\u00f3lidos urbanos (RSU)\u201d, detall\u00f3 Correa.<\/p>\n\n\n\n<p>Seg\u00fan indic\u00f3, m\u00e1s de 140 personas ya participaron de las capacitaciones y se sigue trabajando con otras 100.<\/p>\n\n\n\n<h2 class=\"wp-block-heading\">El trasfondo del conflicto que deriv\u00f3 en el incendio<\/h2>\n\n\n\n<p>El&nbsp;<strong>terreno<\/strong>, de propiedad privada, se encontraba bajo un comodato entre los herederos de los due\u00f1os originales y la Municipalidad de&nbsp;<strong>Guaymall\u00e9n<\/strong>. \u201cEsa relaci\u00f3n permit\u00eda que el municipio realizara tareas de remediaci\u00f3n y que los propietarios tuvieran acceso a beneficios por la recuperaci\u00f3n de materiales\u201d, explic\u00f3 el director de Ambiente y Energ\u00eda guaymallino.<\/p>\n\n\n\n<p>Sin embargo, la interrupci\u00f3n de esa din\u00e1mica y la decisi\u00f3n de avanzar con un ordenamiento formal habr\u00eda generado tensiones con algunos de los antiguos explotadores del lugar.<\/p>\n\n\n\n<p>\u201cLo que se cort\u00f3 fue una econom\u00eda marginal, con condiciones paup\u00e9rrimas, que no pod\u00eda seguir funcionando. Sab\u00edamos que esto pod\u00eda generar conflictos, pero el compromiso con el ambiente, la salud p\u00fablica y la dignidad del trabajo est\u00e1 por encima\u201d, asegur\u00f3 Correa.<\/p>\n\n\n\n<p>El&nbsp;<strong>incendio<\/strong>, que afect\u00f3 distintos puntos del terreno debido a su topograf\u00eda irregular y los socavones formados por la acumulaci\u00f3n de residuos, oblig\u00f3 a un abordaje t\u00e9cnico complejo. \u201cEn este tipo de siniestros, la masa de combustible no siempre est\u00e1 a la vista. Hay que trabajar sobre el enfriamiento del suelo, lo que demanda m\u00e1s tiempo\u201d, explicaron desde el \u00e1rea de Ambiente.<\/p>\n\n\n\n<p>Durante todo el martes continuaron las tareas de mitigaci\u00f3n con el uso de camiones de Servicios P\u00fablicos, maquinaria pesada de Espacios Verdes y Obras por Administraci\u00f3n, dotaciones de Bomberos y personal de Defensa Civil. Se espera que el fuego quede completamente extinguido hacia esta tarde.<\/p>\n\n\n\n<h2 class=\"wp-block-heading\">Tras el incendio continuar\u00e1 el plan de remediaci\u00f3n ambiental<\/h2>\n\n\n\n<p>El plan integral de remediaci\u00f3n ambiental no solo apunta a sanear el&nbsp;<strong>terreno<\/strong>, sino tambi\u00e9n a su transformaci\u00f3n como espacio \u00fatil y seguro para la comunidad.<\/p>\n\n\n\n<p>\u201cEstamos trabajando para que este predio deje de ser s\u00edmbolo de abandono y se convierta en una referencia de recuperaci\u00f3n ambiental y trabajo digno\u201d, subray\u00f3 Correa, quien espera tener para \u00faltima hora de este martes un informe ambiental sobre la cantidad espec\u00edfica de superficie afectada por el&nbsp;<strong>incendio<\/strong>.<\/p>\n\n\n\n<p>Desde la Municipalidad de Guaymall\u00e9n ratificaron su compromiso con el cumplimiento del acuerdo firmado con el Gobierno provincial y adelantaron que continuar\u00e1n las tareas previstas, pese a los obst\u00e1culos. \u201cEstos actos de sabotaje no van a frenar la decisi\u00f3n pol\u00edtica de cerrar los\u00a0<strong>basurales<\/strong>\u00a0clandestinos, cuidar la salud de los vecinos y recuperar el territorio para fines sociales y ambientales\u201d, concluy\u00f3 el director.<\/p>\n\n\n\n<p><strong>Fuente: www.diariouno.com.ar<\/strong><\/p>\n","protected":false},"excerpt":{"rendered":"<p>Un\u00a0incendio\u00a0intencional registrado en la noche del lunes encendi\u00f3 las alarmas en\u00a0Guaymall\u00e9n. El fuego se desat\u00f3 en un\u00a0terreno\u00a0de m\u00e1s de 50 hect\u00e1reas ubicado en la intersecci\u00f3n de Severo del Castillo y Roque S\u00e1enz Pe\u00f1a, donde durante d\u00e9cadas oper\u00f3 un\u00a0basural\u00a0clandestino. Un hombre fue detenido por el hecho. En los \u00faltimos meses,\u00a0este sitio de Puente de Hierro hab\u00eda [&hellip;]<\/p>\n","protected":false},"author":2,"featured_media":13854,"comment_status":"open","ping_status":"open","sticky":false,"template":"","format":"standard","meta":[],"categories":[48],"tags":[],"_links":{"self":[{"href":"https:\/\/pasaenmendoza.com\/index.php?rest_route=\/wp\/v2\/posts\/13853"}],"collection":[{"href":"https:\/\/pasaenmendoza.com\/index.php?rest_route=\/wp\/v2\/posts"}],"about":[{"href":"https:\/\/pasaenmendoza.com\/index.php?rest_route=\/wp\/v2\/types\/post"}],"author":[{"embeddable":true,"href":"https:\/\/pasaenmendoza.com\/index.php?rest_route=\/wp\/v2\/users\/2"}],"replies":[{"embeddable":true,"href":"https:\/\/pasaenmendoza.com\/index.php?rest_route=%2Fwp%2Fv2%2Fcomments&post=13853"}],"version-history":[{"count":1,"href":"https:\/\/pasaenmendoza.com\/index.php?rest_route=\/wp\/v2\/posts\/13853\/revisions"}],"predecessor-version":[{"id":13855,"href":"https:\/\/pasaenmendoza.com\/index.php?rest_route=\/wp\/v2\/posts\/13853\/revisions\/13855"}],"wp:featuredmedia":[{"embeddable":true,"href":"https:\/\/pasaenmendoza.com\/index.php?rest_route=\/wp\/v2\/media\/13854"}],"wp:attachment":[{"href":"https:\/\/pasaenmendoza.com\/index.php?rest_route=%2Fwp%2Fv2%2Fmedia&parent=13853"}],"wp:term":[{"taxonomy":"category","embeddable":true,"href":"https:\/\/pasaenmendoza.com\/index.php?rest_route=%2Fwp%2Fv2%2Fcategories&post=13853"},{"taxonomy":"post_tag","embeddable":true,"href":"https:\/\/pasaenmendoza.com\/index.php?rest_route=%2Fwp%2Fv2%2Ftags&post=13853"}],"curies":[{"name":"wp","href":"https:\/\/api.w.org\/{rel}","templated":true}]}}