{"id":13856,"date":"2025-07-09T02:13:38","date_gmt":"2025-07-09T00:13:38","guid":{"rendered":"https:\/\/pasaenmendoza.com\/?p=13856"},"modified":"2025-07-09T02:13:39","modified_gmt":"2025-07-09T00:13:39","slug":"sturzenegger-dijo-que-el-inv-ya-no-tendra-obligacion-de-dar-certificaciones-de-origen-y-varietal","status":"publish","type":"post","link":"https:\/\/pasaenmendoza.com\/?p=13856","title":{"rendered":"Sturzenegger dijo que el INV ya no tendr\u00e1 obligaci\u00f3n de dar certificaciones de origen y varietal"},"content":{"rendered":"\n<p>El ministro\u00a0<strong>Federico Sturzenegger<\/strong>\u00a0defendi\u00f3 el plan de\u00a0ajuste del gobierno para el\u00a0<strong>Instituto Nacional de Vitivinicultura (INV)<\/strong>\u00a0por &#8220;exceso de fiscalizaci\u00f3n\u201d y explic\u00f3 que las certificaciones de origen, a\u00f1ada y varietal pasar\u00e1n a ser optativas, a disposici\u00f3n de los productores que las requieran, y podr\u00e1n ser emitidas por el propio\u00a0<strong>INV\u00a0<\/strong>o por entidades privadas.<\/p>\n\n\n\n<p>El gobierno oficializ\u00f3 este martes la\u00a0disoluci\u00f3n o refuncionalizaci\u00f3n de 21 organismos. El\u00a0<strong>INV\u00a0<\/strong>pasar\u00e1 a ser una\u00a0<strong>&#8220;unidad organizativa&#8221;<\/strong>\u00a0dependiente de la Secretar\u00eda de Agricultura, Ganader\u00eda y Pesca. Aunque mantendr\u00eda su nombre.<\/p>\n\n\n\n<p>El\u00a0<strong>INV,<\/strong>\u00a0que tiene sede en Mendoza, cuenta con una planta de 459 agentes y un presupuesto anual de $12.120 millones.<\/p>\n\n\n\n<h2 class=\"wp-block-heading\">La defensa de la motosierra en el INV<\/h2>\n\n\n\n<p>&#8220;Se transforma el Instituto Nacional de Vitivinicultura (<strong>INV<\/strong>) en una unidad organizativa dependiente de la Secretar\u00eda de Agricultura, Ganader\u00eda y Pesca, y se modifican sus funciones de manera de desregular la industria vitivin\u00edcola\u201d, escribi\u00f3 en las redes el ministro de Desregulaci\u00f3n,&nbsp;<strong>Federico Sturzenegger.<\/strong><\/p>\n\n\n\n<p>El hombre de la motosierra, a quien\u00a0se le vencieron las facultades delegadas que le otorg\u00f3 el Congreso\u00a0a Javier Milei, detall\u00f3: &#8220;Consultamos a muchos bodegueros y todos, sin excepci\u00f3n, marcaron el excesivo reglamentarismo del organismo que impon\u00eda cargas burocr\u00e1ticas, costos, y que dificultaba la innovaci\u00f3n y experimentaci\u00f3n. La complicaci\u00f3n era tal que nos manifestaban que deb\u00edan destinar empleados exclusivamente a cumplir con los tr\u00e1mites y exigencias del\u00a0<strong>INV<\/strong>\u201d.<\/p>\n\n\n\n<p>&#8220;Se pone fin a un esquema regulatorio sobredimensionado, oneroso e ineficaz, que durante a\u00f1os perjudic\u00f3 el desarrollo de una de nuestras principales econom\u00edas regionales\u201d, sum\u00f3.<\/p>\n\n\n\n<h2 class=\"wp-block-heading\">El INV har\u00e1 menos controles obligatorios en las etapas inciales<\/h2>\n\n\n\n<p>Sturzenegger detall\u00f3 en un post\u00a0que &#8220;la reforma fundamental es que el\u00a0<strong>INV<\/strong>\u00a0dejar\u00e1 de ejercer controles obligatorios sobre las etapas iniciales e intermedias del proceso productivo (como la propiedad de los vi\u00f1edos, la cosecha, la elaboraci\u00f3n, el fraccionamiento, el transporte), y se concentrar\u00e1 exclusivamente en el tramo final de la cadena, en la g\u00f3ndola, donde controlar\u00e1 la aptitud para el consumo y que los productos no est\u00e9n adulterados ni manipulados de forma indebida (los controles tambi\u00e9n se podr\u00e1n hacer de manera privada). De esa manera sacamos al INV de la funci\u00f3n de producci\u00f3n para concentrarlo en el control del producto que es lo que realmente importa&#8221;.<\/p>\n\n\n\n<p>\u201cLa cat\u00e1strofe hab\u00eda ocurrido en el gobierno de\u00a0<strong>Alfons\u00edn<\/strong>, cuando se introdujo el art\u00edculo 24 bis a la ley 14.878, d\u00e1ndole potestad al INV de controlar cualquier cosa. La delegaci\u00f3n legislativa nos permite modificar estas funciones del<strong>\u00a0INV<\/strong>\u00a0para focalizarlas, como dec\u00edamos, exclusivamente en el control del producto final\u201d, a\u00f1adi\u00f3.<\/p>\n\n\n\n<p>El titular de la cartera de desregulaci\u00f3n detall\u00f3 que los<strong>&nbsp;tr\u00e1mites<\/strong>&nbsp;se podr\u00e1n hacer en el&nbsp;<strong>sector p\u00fablico o en el privado<\/strong>. &#8220;Esto obliga al regulador a ejercitar cierta \u2018cordura\u2019 que no necesita tener si los productores est\u00e1n obligados a recurrir en exclusiva al ente estatal. Y de hecho la certificaci\u00f3n de origen, en algunos casos ya la dan los privados, como en&nbsp;<strong>Luj\u00e1n de Cuyo<\/strong>. En otros productos no es necesaria: quiz\u00e1s a un vino de menor calidad le alcanza con decir \u2018Mendoza\u2019 sin tener que ir por un engorroso tr\u00e1mite de certificaci\u00f3n de origen en el&nbsp;<strong>INV&#8221;<\/strong>, explic\u00f3.<\/p>\n\n\n\n<p>Tambi\u00e9n aclar\u00f3 que mantendr\u00e1n las\u00a0<strong>certificaciones para exportaciones<\/strong>\u00a0expedidas por el\u00a0<strong>INV<\/strong>, cuando as\u00ed lo exijan los pa\u00edses de destino. \u201cEl vino argentino no necesita m\u00e1s burocracia para crecer. Necesita libertad, reglas claras y eficiencia institucional. VLLC!\u201d, cerr\u00f3 el ministro.<\/p>\n\n\n\n<p><strong>Fuente: www.diariouno.com.ar<\/strong><\/p>\n","protected":false},"excerpt":{"rendered":"<p>El ministro\u00a0Federico Sturzenegger\u00a0defendi\u00f3 el plan de\u00a0ajuste del gobierno para el\u00a0Instituto Nacional de Vitivinicultura (INV)\u00a0por &#8220;exceso de fiscalizaci\u00f3n\u201d y explic\u00f3 que las certificaciones de origen, a\u00f1ada y varietal pasar\u00e1n a ser optativas, a disposici\u00f3n de los productores que las requieran, y podr\u00e1n ser emitidas por el propio\u00a0INV\u00a0o por entidades privadas. El gobierno oficializ\u00f3 este martes la\u00a0disoluci\u00f3n [&hellip;]<\/p>\n","protected":false},"author":2,"featured_media":13857,"comment_status":"open","ping_status":"open","sticky":false,"template":"","format":"standard","meta":[],"categories":[95],"tags":[],"_links":{"self":[{"href":"https:\/\/pasaenmendoza.com\/index.php?rest_route=\/wp\/v2\/posts\/13856"}],"collection":[{"href":"https:\/\/pasaenmendoza.com\/index.php?rest_route=\/wp\/v2\/posts"}],"about":[{"href":"https:\/\/pasaenmendoza.com\/index.php?rest_route=\/wp\/v2\/types\/post"}],"author":[{"embeddable":true,"href":"https:\/\/pasaenmendoza.com\/index.php?rest_route=\/wp\/v2\/users\/2"}],"replies":[{"embeddable":true,"href":"https:\/\/pasaenmendoza.com\/index.php?rest_route=%2Fwp%2Fv2%2Fcomments&post=13856"}],"version-history":[{"count":1,"href":"https:\/\/pasaenmendoza.com\/index.php?rest_route=\/wp\/v2\/posts\/13856\/revisions"}],"predecessor-version":[{"id":13858,"href":"https:\/\/pasaenmendoza.com\/index.php?rest_route=\/wp\/v2\/posts\/13856\/revisions\/13858"}],"wp:featuredmedia":[{"embeddable":true,"href":"https:\/\/pasaenmendoza.com\/index.php?rest_route=\/wp\/v2\/media\/13857"}],"wp:attachment":[{"href":"https:\/\/pasaenmendoza.com\/index.php?rest_route=%2Fwp%2Fv2%2Fmedia&parent=13856"}],"wp:term":[{"taxonomy":"category","embeddable":true,"href":"https:\/\/pasaenmendoza.com\/index.php?rest_route=%2Fwp%2Fv2%2Fcategories&post=13856"},{"taxonomy":"post_tag","embeddable":true,"href":"https:\/\/pasaenmendoza.com\/index.php?rest_route=%2Fwp%2Fv2%2Ftags&post=13856"}],"curies":[{"name":"wp","href":"https:\/\/api.w.org\/{rel}","templated":true}]}}