{"id":13859,"date":"2025-07-10T15:29:25","date_gmt":"2025-07-10T13:29:25","guid":{"rendered":"https:\/\/pasaenmendoza.com\/?p=13859"},"modified":"2025-07-10T15:29:26","modified_gmt":"2025-07-10T13:29:26","slug":"jueves-frio-en-mendoza-pero-manana-llega-el-alivio","status":"publish","type":"post","link":"https:\/\/pasaenmendoza.com\/?p=13859","title":{"rendered":"Jueves fr\u00edo en Mendoza, pero ma\u00f1ana llega el alivio"},"content":{"rendered":"\n<p>Este jueves baja\u00a0unos grados la temperatura por el ingreso de un frente del sudeste y<strong>\u00a0tendremos un d\u00eda fr\u00edo.\u00a0<\/strong><\/p>\n\n\n\n<p>Seg\u00fan los datos del\u00a0Servicio Meteorol\u00f3gico Nacional, el cielo permanecer\u00e1 nublado durante la ma\u00f1ana\u00a0<strong>pero se ir\u00e1 despejando hacia la tarde.\u00a0<\/strong>La humedad se ubica en 71% y hay viento del sudeste.<\/p>\n\n\n\n<p><strong>En el Gran Mendoza, la m\u00e1xima llegar\u00e1 hoy a los 12\u00b0<\/strong>\u00a0mientras que la m\u00ednima fue de 6\u00b0.<\/p>\n\n\n\n<p>Para ma\u00f1ana viernes, el pron\u00f3stico indica que vuelve el tiempo agradable, con m\u00e1xima de 16\u00b0 y cielo despejado.&nbsp;<\/p>\n\n\n\n<p>El fin de semana tendremos condiciones similares y podremos disfrutar de d\u00edas soleados y c\u00e1lidos.\u00a0<\/p>\n\n\n\n<p><strong>Fuente: www.mendozapost.com<\/strong><\/p>\n","protected":false},"excerpt":{"rendered":"<p>Este jueves baja\u00a0unos grados la temperatura por el ingreso de un frente del sudeste y\u00a0tendremos un d\u00eda fr\u00edo.\u00a0 Seg\u00fan los datos del\u00a0Servicio Meteorol\u00f3gico Nacional, el cielo permanecer\u00e1 nublado durante la ma\u00f1ana\u00a0pero se ir\u00e1 despejando hacia la tarde.\u00a0La humedad se ubica en 71% y hay viento del sudeste. En el Gran Mendoza, la m\u00e1xima llegar\u00e1 hoy [&hellip;]<\/p>\n","protected":false},"author":2,"featured_media":13860,"comment_status":"open","ping_status":"open","sticky":false,"template":"","format":"standard","meta":[],"categories":[52],"tags":[],"_links":{"self":[{"href":"https:\/\/pasaenmendoza.com\/index.php?rest_route=\/wp\/v2\/posts\/13859"}],"collection":[{"href":"https:\/\/pasaenmendoza.com\/index.php?rest_route=\/wp\/v2\/posts"}],"about":[{"href":"https:\/\/pasaenmendoza.com\/index.php?rest_route=\/wp\/v2\/types\/post"}],"author":[{"embeddable":true,"href":"https:\/\/pasaenmendoza.com\/index.php?rest_route=\/wp\/v2\/users\/2"}],"replies":[{"embeddable":true,"href":"https:\/\/pasaenmendoza.com\/index.php?rest_route=%2Fwp%2Fv2%2Fcomments&post=13859"}],"version-history":[{"count":1,"href":"https:\/\/pasaenmendoza.com\/index.php?rest_route=\/wp\/v2\/posts\/13859\/revisions"}],"predecessor-version":[{"id":13861,"href":"https:\/\/pasaenmendoza.com\/index.php?rest_route=\/wp\/v2\/posts\/13859\/revisions\/13861"}],"wp:featuredmedia":[{"embeddable":true,"href":"https:\/\/pasaenmendoza.com\/index.php?rest_route=\/wp\/v2\/media\/13860"}],"wp:attachment":[{"href":"https:\/\/pasaenmendoza.com\/index.php?rest_route=%2Fwp%2Fv2%2Fmedia&parent=13859"}],"wp:term":[{"taxonomy":"category","embeddable":true,"href":"https:\/\/pasaenmendoza.com\/index.php?rest_route=%2Fwp%2Fv2%2Fcategories&post=13859"},{"taxonomy":"post_tag","embeddable":true,"href":"https:\/\/pasaenmendoza.com\/index.php?rest_route=%2Fwp%2Fv2%2Ftags&post=13859"}],"curies":[{"name":"wp","href":"https:\/\/api.w.org\/{rel}","templated":true}]}}