{"id":13869,"date":"2025-07-10T16:19:15","date_gmt":"2025-07-10T14:19:15","guid":{"rendered":"https:\/\/pasaenmendoza.com\/?p=13869"},"modified":"2025-07-10T16:19:16","modified_gmt":"2025-07-10T14:19:16","slug":"un-joven-murio-de-un-disparo-en-las-heras-investigan-si-lo-mataron-o-fue-un-accidente","status":"publish","type":"post","link":"https:\/\/pasaenmendoza.com\/?p=13869","title":{"rendered":"Un joven muri\u00f3 de un disparo en Las Heras: investigan si lo mataron o fue un accidente"},"content":{"rendered":"\n<p>Un joven de 21 a\u00f1os muri\u00f3 de un disparo en el cuello durante la madrugada de este jueves en una vivienda de Las Heras, y la Justicia intenta establecer si el hecho fue accidental o si hay indicios de un ataque intencional. Un amigo de la v\u00edctima qued\u00f3 aprehendido y se encuentra bajo investigaci\u00f3n en la causa que qued\u00f3 en manos de la fiscal de Homicidios Claudia R\u00edos.<\/p>\n\n\n\n<p>El hecho ocurri\u00f3 a las 0.30 en una casa ubicada en calle Benjam\u00edn Matienzo al 2400, en la zona norte del departamento. Fue un llamado al 911 el que alert\u00f3 a la Polic\u00eda sobre lo sucedido:&nbsp;<strong>un joven asegur\u00f3 que le hab\u00edan disparado a su amigo<\/strong>.<\/p>\n\n\n\n<p>Cuando el personal policial lleg\u00f3 al lugar, constat\u00f3 que la v\u00edctima hab\u00eda sido trasladada en un veh\u00edculo particular al Hospital Carrillo. Los m\u00e9dicos informaron que el joven, identificado como\u00a0<strong>Tom\u00e1s Alexander Cano\u00a0<\/strong>(21), ingres\u00f3 sin signos vitales y con una herida de arma de fuego en la zona del cuello.<\/p>\n\n\n\n<p>En tanto, el amigo que realiz\u00f3 la llamada fue trasladado a la Comisar\u00eda 36\u00aa. All\u00ed, seg\u00fan fuentes oficiales, se quebr\u00f3 durante una entrevista y explic\u00f3 que ambos se encontraban manipulando un arma de fuego dentro de la vivienda cuando,&nbsp;<strong>de manera accidental, efectu\u00f3 un disparo que impact\u00f3 en Cano.<\/strong><\/p>\n\n\n\n<p>Durante la inspecci\u00f3n en el domicilio, los efectivos secuestraron una pistola calibre 9 mil\u00edmetros, un frasco con sustancia amarronada \u2014que ser\u00e1 peritada\u2014 y una suma de dinero en efectivo. El joven, identificado como&nbsp;<strong>Lucas Maman\u00ed<\/strong>&nbsp;(22), fue sometido a un guantelete para detectar restos de p\u00f3lvora y qued\u00f3 a disposici\u00f3n del Ministerio P\u00fablico Fiscal.<\/p>\n\n\n\n<p>Trabajaron en el lugar efectivos de la Unidad Investigativa de Las Heras, Polic\u00eda Cient\u00edfica, la Polic\u00eda Contra el Narcotr\u00e1fico (PCN) y el Minsterio P\u00fablico.<\/p>\n\n\n\n<p><strong>Fuente: www.elsol.com.ar<\/strong><\/p>\n","protected":false},"excerpt":{"rendered":"<p>Un joven de 21 a\u00f1os muri\u00f3 de un disparo en el cuello durante la madrugada de este jueves en una vivienda de Las Heras, y la Justicia intenta establecer si el hecho fue accidental o si hay indicios de un ataque intencional. Un amigo de la v\u00edctima qued\u00f3 aprehendido y se encuentra bajo investigaci\u00f3n en [&hellip;]<\/p>\n","protected":false},"author":2,"featured_media":13870,"comment_status":"open","ping_status":"open","sticky":false,"template":"","format":"standard","meta":[],"categories":[48],"tags":[],"_links":{"self":[{"href":"https:\/\/pasaenmendoza.com\/index.php?rest_route=\/wp\/v2\/posts\/13869"}],"collection":[{"href":"https:\/\/pasaenmendoza.com\/index.php?rest_route=\/wp\/v2\/posts"}],"about":[{"href":"https:\/\/pasaenmendoza.com\/index.php?rest_route=\/wp\/v2\/types\/post"}],"author":[{"embeddable":true,"href":"https:\/\/pasaenmendoza.com\/index.php?rest_route=\/wp\/v2\/users\/2"}],"replies":[{"embeddable":true,"href":"https:\/\/pasaenmendoza.com\/index.php?rest_route=%2Fwp%2Fv2%2Fcomments&post=13869"}],"version-history":[{"count":1,"href":"https:\/\/pasaenmendoza.com\/index.php?rest_route=\/wp\/v2\/posts\/13869\/revisions"}],"predecessor-version":[{"id":13871,"href":"https:\/\/pasaenmendoza.com\/index.php?rest_route=\/wp\/v2\/posts\/13869\/revisions\/13871"}],"wp:featuredmedia":[{"embeddable":true,"href":"https:\/\/pasaenmendoza.com\/index.php?rest_route=\/wp\/v2\/media\/13870"}],"wp:attachment":[{"href":"https:\/\/pasaenmendoza.com\/index.php?rest_route=%2Fwp%2Fv2%2Fmedia&parent=13869"}],"wp:term":[{"taxonomy":"category","embeddable":true,"href":"https:\/\/pasaenmendoza.com\/index.php?rest_route=%2Fwp%2Fv2%2Fcategories&post=13869"},{"taxonomy":"post_tag","embeddable":true,"href":"https:\/\/pasaenmendoza.com\/index.php?rest_route=%2Fwp%2Fv2%2Ftags&post=13869"}],"curies":[{"name":"wp","href":"https:\/\/api.w.org\/{rel}","templated":true}]}}