{"id":1387,"date":"2023-09-12T15:37:03","date_gmt":"2023-09-12T13:37:03","guid":{"rendered":"https:\/\/pasaenmendoza.com\/?p=1387"},"modified":"2023-09-12T15:37:04","modified_gmt":"2023-09-12T13:37:04","slug":"mendoza-y-san-rafael-estan-entre-los-destinos-mas-elegidos-para-el-previaje-5","status":"publish","type":"post","link":"https:\/\/pasaenmendoza.com\/?p=1387","title":{"rendered":"Mendoza y San Rafael est\u00e1n entre los destinos m\u00e1s elegidos para el PreViaje 5"},"content":{"rendered":"\n<p><strong>Mendoza (6) y San Rafael (12)\u00a0<\/strong>figuran entre los destinos m\u00e1s elegidos en el<strong>\u00a0PreViaje 5<\/strong>\u00a0que arrancar\u00e1 el 29 de este mes y es extender\u00e1 hasta el 17 de octubre.\u00a0<strong>San Carlos de Bariloche<\/strong>\u00a0fue el sitio con m\u00e1s reservas en esta edici\u00f3n el programa.<\/p>\n\n\n\n<p>El&nbsp;<strong>Ministerio de Turismo y Deportes<\/strong>&nbsp;de la Naci\u00f3n destac\u00f3 que m\u00e1s de 500 mil personas se anotaron en PreViaje 5, lo que generar\u00e1 un impacto econ\u00f3mico de&nbsp;<strong>m\u00e1s de 50 mil millones de pesos en todo el pa\u00eds<\/strong>.<\/p>\n\n\n\n<p><strong>El 57% de los gastos iniciales correspondi\u00f3 a agencias de viajes, el 29% a alojamientos y el 14% restante a transporte y otros servicios tur\u00edsticos<\/strong>, precisaron desde la cartera de turismo.<\/p>\n\n\n\n<p>En tanto, \u201cm\u00e1s del 23%\u201d de los viajes correspondieron a&nbsp;<strong>personas afiliadas al PAMI<\/strong>.<\/p>\n\n\n\n<p>Los paquetes tur\u00edsticos adquiridos para el periodo 29 de septiembre a 17 de octubre, incluyendo as\u00ed el \u00faltimo fin de semana \u201cextralargo\u201d del a\u00f1o por el D\u00eda del Respeto a la Diversidad Cultural entre el 13 y el 16 de octubre.<\/p>\n\n\n\n<p>Se podr\u00e1 utilizar tanto en<strong>\u00a0servicios del sector<\/strong>\u00a0(agencias de viajes y excursiones, alojamientos, alquiler de autos y equipamiento, gastronom\u00eda, transporte a\u00e9reo de cabotaje, terrestre de larga distancia y tur\u00edstico) como en\u00a0<strong>consumos culturales<\/strong>\u00a0(artesan\u00edas, cine, galer\u00edas, museos, productos regionales, recitales y teatros) de todo el pa\u00eds.<\/p>\n\n\n\n<h2 class=\"wp-block-heading\">Los destinos tur\u00edsticos m\u00e1s buscados de PreViaje 5<\/h2>\n\n\n\n<p><strong>Bariloche&nbsp;<\/strong>encabeza el ranking, seguida en los primeros 10 puestos por Puerto Iguaz\u00fa, Salta, Mar del Plata,&nbsp;<strong>Mendoza<\/strong>, Ushuaia, Puerto Madryn, El Calafate, Carlos Paz y Merlo.<\/p>\n\n\n\n<p>Los destinos m\u00e1s elegidos:<\/p>\n\n\n\n<ol>\n<li>San Carlos de Bariloche<\/li>\n\n\n\n<li>Puerto Iguaz\u00fa<\/li>\n\n\n\n<li>Salta<\/li>\n\n\n\n<li>Ciudad de Buenos Aires<\/li>\n\n\n\n<li>Mar del Plata<\/li>\n\n\n\n<li><strong>Mendoza<\/strong><\/li>\n\n\n\n<li>Puerto Madryn<\/li>\n\n\n\n<li>Ushuaia<\/li>\n\n\n\n<li>El Calafate<\/li>\n\n\n\n<li>Merlo<\/li>\n\n\n\n<li>Termas de R\u00edo Hondo<\/li>\n\n\n\n<li><strong>San Rafael<\/strong><\/li>\n\n\n\n<li>Villa General Belgrano<\/li>\n\n\n\n<li>C\u00f3rdoba<\/li>\n\n\n\n<li>Federaci\u00f3n<\/li>\n<\/ol>\n\n\n\n<p>Desde su creaci\u00f3n,&nbsp;<strong>el programa abarc\u00f3 ya a 7,5 millones<\/strong>&nbsp;de turistas en sus cinco ediciones, con un impacto superior a&nbsp;<strong>$710.000 millones para las econom\u00edas regionales<\/strong>, medidos a pesos constantes de julio de 2023.<\/p>\n\n\n\n<p>El vicepresidente de la Federaci\u00f3n Argentina de Asociaciones de Agencias de Viajes y Turismo (Faevyt),<strong>\u00a0Fabian Lattanzio<\/strong>, consider\u00f3 que la iniciativa es una de las &#8220;m\u00e1s exitosas de los programas del gobierno&#8221;, y remarc\u00f3 que fue &#8220;un salvavidas muy importante post pandemia&#8221;.<\/p>\n\n\n\n<p><strong>Fuente: www.diariouno.com.ar<\/strong><\/p>\n","protected":false},"excerpt":{"rendered":"<p>Mendoza (6) y San Rafael (12)\u00a0figuran entre los destinos m\u00e1s elegidos en el\u00a0PreViaje 5\u00a0que arrancar\u00e1 el 29 de este mes y es extender\u00e1 hasta el 17 de octubre.\u00a0San Carlos de Bariloche\u00a0fue el sitio con m\u00e1s reservas en esta edici\u00f3n el programa. El&nbsp;Ministerio de Turismo y Deportes&nbsp;de la Naci\u00f3n destac\u00f3 que m\u00e1s de 500 mil personas [&hellip;]<\/p>\n","protected":false},"author":2,"featured_media":1388,"comment_status":"open","ping_status":"open","sticky":false,"template":"","format":"standard","meta":[],"categories":[64],"tags":[],"_links":{"self":[{"href":"https:\/\/pasaenmendoza.com\/index.php?rest_route=\/wp\/v2\/posts\/1387"}],"collection":[{"href":"https:\/\/pasaenmendoza.com\/index.php?rest_route=\/wp\/v2\/posts"}],"about":[{"href":"https:\/\/pasaenmendoza.com\/index.php?rest_route=\/wp\/v2\/types\/post"}],"author":[{"embeddable":true,"href":"https:\/\/pasaenmendoza.com\/index.php?rest_route=\/wp\/v2\/users\/2"}],"replies":[{"embeddable":true,"href":"https:\/\/pasaenmendoza.com\/index.php?rest_route=%2Fwp%2Fv2%2Fcomments&post=1387"}],"version-history":[{"count":1,"href":"https:\/\/pasaenmendoza.com\/index.php?rest_route=\/wp\/v2\/posts\/1387\/revisions"}],"predecessor-version":[{"id":1391,"href":"https:\/\/pasaenmendoza.com\/index.php?rest_route=\/wp\/v2\/posts\/1387\/revisions\/1391"}],"wp:featuredmedia":[{"embeddable":true,"href":"https:\/\/pasaenmendoza.com\/index.php?rest_route=\/wp\/v2\/media\/1388"}],"wp:attachment":[{"href":"https:\/\/pasaenmendoza.com\/index.php?rest_route=%2Fwp%2Fv2%2Fmedia&parent=1387"}],"wp:term":[{"taxonomy":"category","embeddable":true,"href":"https:\/\/pasaenmendoza.com\/index.php?rest_route=%2Fwp%2Fv2%2Fcategories&post=1387"},{"taxonomy":"post_tag","embeddable":true,"href":"https:\/\/pasaenmendoza.com\/index.php?rest_route=%2Fwp%2Fv2%2Ftags&post=1387"}],"curies":[{"name":"wp","href":"https:\/\/api.w.org\/{rel}","templated":true}]}}