{"id":13875,"date":"2025-07-10T23:43:18","date_gmt":"2025-07-10T21:43:18","guid":{"rendered":"https:\/\/pasaenmendoza.com\/?p=13875"},"modified":"2025-07-10T23:43:19","modified_gmt":"2025-07-10T21:43:19","slug":"imputacion-y-carcel-para-el-conductor-ebrio-que-mato-a-un-hombre-en-rivadavia","status":"publish","type":"post","link":"https:\/\/pasaenmendoza.com\/?p=13875","title":{"rendered":"Imputaci\u00f3n y c\u00e1rcel para el conductor ebrio que mat\u00f3 a un hombre en Rivadavia"},"content":{"rendered":"\n<p>Este jueves, el Ministerio P\u00fablico Fiscal de Mendoza inform\u00f3 en qu\u00e9 situaci\u00f3n se encuentra el hombre que en la noche del martes choc\u00f3 y mat\u00f3 a Avelino Flores O\u00f1a (75), en\u00a0<strong>Rivadavia<\/strong>. El acusado, que manejaba\u00a0<strong>borracho<\/strong>\u00a0en el momento del accidente, ser\u00e1 trasladado a la<strong>\u00a0c\u00e1rcel.<\/strong>\u00a0<\/p>\n\n\n\n<p>Se trata de \u00a0Ismael Wilson Maman\u00ed Yanaje (39), imputado por homicidio culposo agravado por estar con un nivel de alcoholemia superior a 1 gramo y por estar\u00a0<strong>inhabilitado para conducir<\/strong>, en concurso ideal con lesiones culposas, ya que result\u00f3 herida la acompa\u00f1ante de la v\u00edctima fatal. El delito que le endilgan tiene una pena m\u00e1xima de 6 a\u00f1os.\u00a0<\/p>\n\n\n\n<p>Bajo esta calificaci\u00f3n, este sujeto ser\u00e1 alojado la penitenciar\u00eda provincial en las pr\u00f3ximas horas.&nbsp;<\/p>\n\n\n\n<p>El hecho ocurri\u00f3 en el distrito La Libertad, en ruta 62 y Callej\u00f3n Su\u00e1rez. De acuerdo a la reconstrucci\u00f3n policial, Maman\u00ed Yanaje, al mando de un mini bus Renault Duster que iba por la mencionada ruta de oeste a este, se cruz\u00f3 de carril e impact\u00f3 de frente contra un Chevrolet Corsa.\u00a0<\/p>\n\n\n\n<p>Como consecuencia, quien manejaba este \u00faltimo veh\u00edculo, Flores O\u00f1a, falleci\u00f3 en el acto. En tanto, la mujer que iba con \u00e9l fue derivada al hospital Perrupato de San Mart\u00edn.&nbsp;<\/p>\n\n\n\n<p>El responsable del siniestro sali\u00f3 ileso y fue sometido a un\u00a0<strong>test de alcoholemia, el cual arroj\u00f3 2,61 gramos de alcohol en sangre<\/strong>. Es decir, circulaba con m\u00e1s de cinco veces sobre lo permitido (0,5 gramos).\u00a0<\/p>\n\n\n\n<p><strong>Fuente: www.diariomendoza.com.ar<\/strong><\/p>\n","protected":false},"excerpt":{"rendered":"<p>Este jueves, el Ministerio P\u00fablico Fiscal de Mendoza inform\u00f3 en qu\u00e9 situaci\u00f3n se encuentra el hombre que en la noche del martes choc\u00f3 y mat\u00f3 a Avelino Flores O\u00f1a (75), en\u00a0Rivadavia. El acusado, que manejaba\u00a0borracho\u00a0en el momento del accidente, ser\u00e1 trasladado a la\u00a0c\u00e1rcel.\u00a0 Se trata de \u00a0Ismael Wilson Maman\u00ed Yanaje (39), imputado por homicidio culposo [&hellip;]<\/p>\n","protected":false},"author":2,"featured_media":13876,"comment_status":"open","ping_status":"open","sticky":false,"template":"","format":"standard","meta":[],"categories":[60],"tags":[],"_links":{"self":[{"href":"https:\/\/pasaenmendoza.com\/index.php?rest_route=\/wp\/v2\/posts\/13875"}],"collection":[{"href":"https:\/\/pasaenmendoza.com\/index.php?rest_route=\/wp\/v2\/posts"}],"about":[{"href":"https:\/\/pasaenmendoza.com\/index.php?rest_route=\/wp\/v2\/types\/post"}],"author":[{"embeddable":true,"href":"https:\/\/pasaenmendoza.com\/index.php?rest_route=\/wp\/v2\/users\/2"}],"replies":[{"embeddable":true,"href":"https:\/\/pasaenmendoza.com\/index.php?rest_route=%2Fwp%2Fv2%2Fcomments&post=13875"}],"version-history":[{"count":1,"href":"https:\/\/pasaenmendoza.com\/index.php?rest_route=\/wp\/v2\/posts\/13875\/revisions"}],"predecessor-version":[{"id":13877,"href":"https:\/\/pasaenmendoza.com\/index.php?rest_route=\/wp\/v2\/posts\/13875\/revisions\/13877"}],"wp:featuredmedia":[{"embeddable":true,"href":"https:\/\/pasaenmendoza.com\/index.php?rest_route=\/wp\/v2\/media\/13876"}],"wp:attachment":[{"href":"https:\/\/pasaenmendoza.com\/index.php?rest_route=%2Fwp%2Fv2%2Fmedia&parent=13875"}],"wp:term":[{"taxonomy":"category","embeddable":true,"href":"https:\/\/pasaenmendoza.com\/index.php?rest_route=%2Fwp%2Fv2%2Fcategories&post=13875"},{"taxonomy":"post_tag","embeddable":true,"href":"https:\/\/pasaenmendoza.com\/index.php?rest_route=%2Fwp%2Fv2%2Ftags&post=13875"}],"curies":[{"name":"wp","href":"https:\/\/api.w.org\/{rel}","templated":true}]}}