{"id":13892,"date":"2025-07-11T22:25:19","date_gmt":"2025-07-11T20:25:19","guid":{"rendered":"https:\/\/pasaenmendoza.com\/?p=13892"},"modified":"2025-07-11T22:25:20","modified_gmt":"2025-07-11T20:25:20","slug":"se-lanzo-la-preventa-de-los-tickets-para-la-temporada-2025-2026-en-el-cerro-aconcagua","status":"publish","type":"post","link":"https:\/\/pasaenmendoza.com\/?p=13892","title":{"rendered":"Se lanz\u00f3 la preventa de los tickets para la temporada 2025-2026 en el Cerro Aconcagua"},"content":{"rendered":"\n<p>La ministra de Emerg\u00eda y Ambiente,<strong>\u00a0Jimena Latorre<\/strong>,\u00a0<strong>formaliz\u00f3<\/strong>\u00a0este viernes 11 de julio la tarifaria para la\u00a0<strong>venta\u00a0<\/strong>anticipada de ingresos y excursiones al Cerro Aconcagua. De esta manera, los prestadores tur\u00edsticos que promocionan el\u00a0Aconcagua\u00a0podr\u00e1n vender los paquetes.<\/p>\n\n\n\n<p>La novedad se conoci\u00f3 en el Bolet\u00edn Oficial.<\/p>\n\n\n\n<h2 class=\"wp-block-heading\">Los valores de las nuevas tarifas para ir al Aconcagua<\/h2>\n\n\n\n<ul>\n<li>Quebrada de Horcones<\/li>\n<\/ul>\n\n\n\n<p><strong>Ascenso<\/strong><\/p>\n\n\n\n<ul>\n<li>Mendocino: $ 75.000<\/li>\n\n\n\n<li>Nacional: $ 150.000<\/li>\n\n\n\n<li>Latinoamericano: U$S 760<\/li>\n\n\n\n<li>Internacional: U$S 980<\/li>\n<\/ul>\n\n\n\n<p><strong>Trekking Largo<\/strong><\/p>\n\n\n\n<ul>\n<li>Mendocino: $ 42.000<\/li>\n\n\n\n<li>Nacional: $ 82.000<\/li>\n\n\n\n<li>Latinoamericano U$S 250<\/li>\n\n\n\n<li>Internacional U$S 300<\/li>\n<\/ul>\n\n\n\n<p><strong>Trekking Corto<\/strong><\/p>\n\n\n\n<ul>\n<li>Mendocino $ 28.000<\/li>\n\n\n\n<li>Nacional: $ 48.000<\/li>\n\n\n\n<li>Latinoamericano: U$S 125<\/li>\n\n\n\n<li>Internacional: U$S 150<\/li>\n<\/ul>\n\n\n\n<p><strong>Quebrada de Vacas<\/strong><\/p>\n\n\n\n<ul>\n<li>&nbsp;Ascenso<\/li>\n\n\n\n<li>Mendocino: $ 95.500<\/li>\n\n\n\n<li>Nacional: $ 184.000<\/li>\n\n\n\n<li>Latinoamericano: U$S 940<\/li>\n\n\n\n<li>Internacional: U$S 1.200<\/li>\n<\/ul>\n\n\n\n<p><strong>Fuente: www.diariouno.com.ar<\/strong><\/p>\n","protected":false},"excerpt":{"rendered":"<p>La ministra de Emerg\u00eda y Ambiente,\u00a0Jimena Latorre,\u00a0formaliz\u00f3\u00a0este viernes 11 de julio la tarifaria para la\u00a0venta\u00a0anticipada de ingresos y excursiones al Cerro Aconcagua. De esta manera, los prestadores tur\u00edsticos que promocionan el\u00a0Aconcagua\u00a0podr\u00e1n vender los paquetes. La novedad se conoci\u00f3 en el Bolet\u00edn Oficial. Los valores de las nuevas tarifas para ir al Aconcagua Ascenso Trekking Largo [&hellip;]<\/p>\n","protected":false},"author":2,"featured_media":13893,"comment_status":"open","ping_status":"open","sticky":false,"template":"","format":"standard","meta":[],"categories":[64],"tags":[],"_links":{"self":[{"href":"https:\/\/pasaenmendoza.com\/index.php?rest_route=\/wp\/v2\/posts\/13892"}],"collection":[{"href":"https:\/\/pasaenmendoza.com\/index.php?rest_route=\/wp\/v2\/posts"}],"about":[{"href":"https:\/\/pasaenmendoza.com\/index.php?rest_route=\/wp\/v2\/types\/post"}],"author":[{"embeddable":true,"href":"https:\/\/pasaenmendoza.com\/index.php?rest_route=\/wp\/v2\/users\/2"}],"replies":[{"embeddable":true,"href":"https:\/\/pasaenmendoza.com\/index.php?rest_route=%2Fwp%2Fv2%2Fcomments&post=13892"}],"version-history":[{"count":1,"href":"https:\/\/pasaenmendoza.com\/index.php?rest_route=\/wp\/v2\/posts\/13892\/revisions"}],"predecessor-version":[{"id":13894,"href":"https:\/\/pasaenmendoza.com\/index.php?rest_route=\/wp\/v2\/posts\/13892\/revisions\/13894"}],"wp:featuredmedia":[{"embeddable":true,"href":"https:\/\/pasaenmendoza.com\/index.php?rest_route=\/wp\/v2\/media\/13893"}],"wp:attachment":[{"href":"https:\/\/pasaenmendoza.com\/index.php?rest_route=%2Fwp%2Fv2%2Fmedia&parent=13892"}],"wp:term":[{"taxonomy":"category","embeddable":true,"href":"https:\/\/pasaenmendoza.com\/index.php?rest_route=%2Fwp%2Fv2%2Fcategories&post=13892"},{"taxonomy":"post_tag","embeddable":true,"href":"https:\/\/pasaenmendoza.com\/index.php?rest_route=%2Fwp%2Fv2%2Ftags&post=13892"}],"curies":[{"name":"wp","href":"https:\/\/api.w.org\/{rel}","templated":true}]}}