{"id":13895,"date":"2025-07-11T22:29:26","date_gmt":"2025-07-11T20:29:26","guid":{"rendered":"https:\/\/pasaenmendoza.com\/?p=13895"},"modified":"2025-07-11T22:29:27","modified_gmt":"2025-07-11T20:29:27","slug":"los-clientes-aprovechan-el-precio-nocturno-de-ypf-pero-por-ahora-no-compran-mas-combustible-que-antes","status":"publish","type":"post","link":"https:\/\/pasaenmendoza.com\/?p=13895","title":{"rendered":"Los clientes aprovechan el precio nocturno de YPF pero por ahora no compran m\u00e1s combustible que antes"},"content":{"rendered":"\n<p>En su primera etapa, la\u00a0experiencia implementada por\u00a0<strong>YPF<\/strong>\u00a0con IA para incentivar la\u00a0<strong>venta<\/strong>\u00a0de\u00a0<strong>combustible<\/strong>\u00a0en horario nocturno todav\u00eda no arroja los resultados esperados, al menos en Mendoza. Es que seg\u00fan un relevamiento de Amena, la c\u00e1mara que agrupa a\u00a0<strong>estaciones de servicio<\/strong>, por ahora s\u00f3lo gener\u00f3 un\u00a0<strong>desplazamiento de la demanda<\/strong>.<\/p>\n\n\n\n<p>Concretamente, significa que quienes cargaban el tanque de su veh\u00edculo a cierta hora del d\u00eda, en lo que va del mes de julio prefieren esperar hasta&nbsp;<strong>despu\u00e9s de la medianoche<\/strong>. El motivo:&nbsp;<strong>aprovechar la rebaja del 3%<\/strong>&nbsp;por litro de nafta o gasoil que YPF aplica entre las 0 y las 6 de la ma\u00f1ana.<\/p>\n\n\n\n<p>Para&nbsp;<strong>Amena<\/strong>, el panorama entre las estaciones de Gran Mendoza es &#8220;dispar&#8221;. Esto, sin contar la performance de la&nbsp;<strong>\u00fanica terminal autodespacho<\/strong>&nbsp;que tiene YPF en la provincia, en Boedo y Acceso Sur (Luj\u00e1n) y es operada directamente por la petrolera de bandera argentina.<\/p>\n\n\n\n<p>All\u00ed arranc\u00f3 la prueba\u00a0piloto de YPF para implementar el &#8220;<strong>micropricing<\/strong>&#8220;, o precios de combustibles m\u00e1s bajos\u00a0durante la madrugada, el 25 de junio. Por eso, el relevamiento implica un balance de los primeros 15 d\u00edas de la experiencia en Mendoza, de la mano de un<strong>\u00a0beneficio<\/strong>\u00a0que se suma a las promociones bancarias.<\/p>\n\n\n\n<h2 class=\"wp-block-heading\">Mismo nivel de venta, pero de noche<\/h2>\n\n\n\n<p>El relevamiento realizado por la c\u00e1mara de expendedores en Mendoza abarc\u00f3 a&nbsp;<strong>25 estaciones de servicio<\/strong>&nbsp;del \u00e1rea metropolitana donde, al margen de algunos datos diferentes, se confirm\u00f3 la&nbsp;<strong>venta de combustible tampoco se dispar\u00f3&nbsp;<\/strong>sustancialmente.<\/p>\n\n\n\n<p>&#8220;Creci\u00f3 el movimiento durante la noche, pero&nbsp;<strong>no se percibe en una mayor venta en volumen<\/strong>. Simplemente hubo un<strong>&nbsp;corrimiento<\/strong>&nbsp;o desplazamiento de la demanda, lo que explica que muchos que sol\u00edan cargar durante el d\u00eda ahora lo hacen de madrugada para aprovechar el beneficio&#8221;, precis\u00f3&nbsp;<strong>Octavio Garrig\u00f3s<\/strong>, gerente de Amena.<\/p>\n\n\n\n<p>\u00bfHubo<strong>&nbsp;migraci\u00f3n de una calidad de combustible a otro<\/strong>? Aparentemente no, dado que la volatilidad de los precios en los surtidores no termina de convencer a los automovilistas de volver a elegir, descuento mediante, nafta o gasoil premium que cuestan alrededor de 10% m\u00e1s.<\/p>\n\n\n\n<p>Igualmente, el<strong>&nbsp;ahorrar<\/strong>&nbsp;en promedio unos $3000 por cada tanque lleno (en el caso de nafta com\u00fan o s\u00faper) tampoco parece ser est\u00edmulo suficiente para esperar hasta entrada la noche para cargar.<\/p>\n\n\n\n<p>De acuerdo al directivo de&nbsp;<strong>Amena<\/strong>&nbsp;&#8220;el mix de venta sigue siendo el mismo, en l\u00ednea con la l\u00f3gica transferencia de demanda que suele darse de premium a s\u00faper cada vez que suben los precios&#8221;.<\/p>\n\n\n\n<h2 class=\"wp-block-heading\">El autodespacho de combustibles, en espera<\/h2>\n\n\n\n<p>Mientras, la intenci\u00f3n de replicar la experiencia del&nbsp;<strong>autoservicio<\/strong>&nbsp;que es la principal caracter\u00edstica de la estaci\u00f3n &#8220;inteligente&#8221; de YPF en Chacras de Coria por ahora permanece en&nbsp;<em>stand-by<\/em>.<\/p>\n\n\n\n<p>El proyecto, aseguran los empresarios, no est\u00e1 ca\u00eddo. Pero implementarlo al resto de las estaciones de servicio de Mendoza conlleva un gasto que no todos los propietarios est\u00e1n dispuestos a asumir. Esto es, b\u00e1sicamente, adaptar al menos una isla de carga con otra tecnolog\u00eda y un software espec\u00edfico para ese tipo de&nbsp;<strong>suministro de combustible<\/strong>.<\/p>\n\n\n\n<p>&#8220;Se est\u00e1 analizando aplicar el&nbsp;<strong>autodespacho nocturno<\/strong>&nbsp;e incluso los&nbsp;<strong>domingos<\/strong>, cuanto la venta baja, en principio en algunas bocas de expendio del radio c\u00e9ntrico, sobre todo por una cuesti\u00f3n de seguridad&#8221;, confirmaron desde la c\u00e1mara.<\/p>\n\n\n\n<p>Por ende, las\u00a0<strong>estaciones<\/strong>\u00a0m\u00e1s alejadas de los centros urbanos m\u00e1s poblados deber\u00e1n esperar. En el sector comercial, para ver alg\u00fan tipo de avance, hablan de un mediano plazo. Es decir, ya entrado el a\u00f1o 2026.<\/p>\n\n\n\n<p><strong>Fuente: www.diariouno.com.ar<\/strong><\/p>\n","protected":false},"excerpt":{"rendered":"<p>En su primera etapa, la\u00a0experiencia implementada por\u00a0YPF\u00a0con IA para incentivar la\u00a0venta\u00a0de\u00a0combustible\u00a0en horario nocturno todav\u00eda no arroja los resultados esperados, al menos en Mendoza. Es que seg\u00fan un relevamiento de Amena, la c\u00e1mara que agrupa a\u00a0estaciones de servicio, por ahora s\u00f3lo gener\u00f3 un\u00a0desplazamiento de la demanda. Concretamente, significa que quienes cargaban el tanque de su veh\u00edculo [&hellip;]<\/p>\n","protected":false},"author":2,"featured_media":13896,"comment_status":"open","ping_status":"open","sticky":false,"template":"","format":"standard","meta":[],"categories":[112],"tags":[],"_links":{"self":[{"href":"https:\/\/pasaenmendoza.com\/index.php?rest_route=\/wp\/v2\/posts\/13895"}],"collection":[{"href":"https:\/\/pasaenmendoza.com\/index.php?rest_route=\/wp\/v2\/posts"}],"about":[{"href":"https:\/\/pasaenmendoza.com\/index.php?rest_route=\/wp\/v2\/types\/post"}],"author":[{"embeddable":true,"href":"https:\/\/pasaenmendoza.com\/index.php?rest_route=\/wp\/v2\/users\/2"}],"replies":[{"embeddable":true,"href":"https:\/\/pasaenmendoza.com\/index.php?rest_route=%2Fwp%2Fv2%2Fcomments&post=13895"}],"version-history":[{"count":1,"href":"https:\/\/pasaenmendoza.com\/index.php?rest_route=\/wp\/v2\/posts\/13895\/revisions"}],"predecessor-version":[{"id":13897,"href":"https:\/\/pasaenmendoza.com\/index.php?rest_route=\/wp\/v2\/posts\/13895\/revisions\/13897"}],"wp:featuredmedia":[{"embeddable":true,"href":"https:\/\/pasaenmendoza.com\/index.php?rest_route=\/wp\/v2\/media\/13896"}],"wp:attachment":[{"href":"https:\/\/pasaenmendoza.com\/index.php?rest_route=%2Fwp%2Fv2%2Fmedia&parent=13895"}],"wp:term":[{"taxonomy":"category","embeddable":true,"href":"https:\/\/pasaenmendoza.com\/index.php?rest_route=%2Fwp%2Fv2%2Fcategories&post=13895"},{"taxonomy":"post_tag","embeddable":true,"href":"https:\/\/pasaenmendoza.com\/index.php?rest_route=%2Fwp%2Fv2%2Ftags&post=13895"}],"curies":[{"name":"wp","href":"https:\/\/api.w.org\/{rel}","templated":true}]}}