{"id":13898,"date":"2025-07-11T22:32:33","date_gmt":"2025-07-11T20:32:33","guid":{"rendered":"https:\/\/pasaenmendoza.com\/?p=13898"},"modified":"2025-07-11T22:32:34","modified_gmt":"2025-07-11T20:32:34","slug":"cornejo-respaldo-a-una-petrolera-que-preve-inversiones-por-us-100-millones-en-malargue","status":"publish","type":"post","link":"https:\/\/pasaenmendoza.com\/?p=13898","title":{"rendered":"Cornejo respald\u00f3 a una petrolera que prev\u00e9 inversiones por U$S 100 millones en Malarg\u00fce"},"content":{"rendered":"\n<p>El gobernador\u00a0<strong>Alfredo Cornejo<\/strong>\u00a0estuvo el jueves en\u00a0<strong>Malarg\u00fce<\/strong>\u00a0para inaugurar las nuevas oficinas de la petrolera\u00a0<strong>PCR<\/strong>, y luego destac\u00f3 en redes sociales que Mendoza est\u00e1 dispuesta a &#8220;recaudar menos en regal\u00edas si eso significa promover\u00a0<strong>inversiones<\/strong>\u00a0productivas y premiar a quienes incrementan su producci\u00f3n&#8221;<\/p>\n\n\n\n<p>El mandatario estuvo acompa\u00f1ado por la ministra de Energ\u00eda y Ambiente,\u00a0<strong>Jimena Latorre<\/strong>, y el CEO de la compa\u00f1\u00eda,\u00a0<strong>Mart\u00edn Federico Brandi<\/strong>, entre otras autoridades. Cornejo subray\u00f3 m\u00e1s tarde que la compa\u00f1\u00eda proyecta inversiones por m\u00e1s de U$S 100 millones en la zona de\u00a0<strong>Llancanelo<\/strong>.<\/p>\n\n\n\n<h2 class=\"wp-block-heading\">El petr\u00f3leo y una nueva etapa en Mendoza<\/h2>\n\n\n\n<p>&#8220;En un contexto de escasas herramientas econ\u00f3micas para las provincias, respaldar a quienes invierten, generan empleo y fortalecen nuestro&nbsp;<strong>perfil energ\u00e9tico<\/strong>&nbsp;es prioridad. (&#8230;). Si una empresa produce m\u00e1s, recibe un incentivo tributario y, a largo plazo, esa inversi\u00f3n vuelve multiplicada en crecimiento. PCR ya est\u00e1 perforando y utiliza tecnolog\u00eda de punta para operar con eficiencia y cuidado ambiental (&#8230;)&#8221;, public\u00f3 en gobernador en su perfil de X.<\/p>\n\n\n\n<p>A su turno,\u00a0<strong>Latorre<\/strong>\u00a0destac\u00f3: \u201cSer\u00eda muy valioso que este desarrollo en hidrocarburos pueda integrarse con el crecimiento de las\u00a0<strong>energ\u00edas renovables<\/strong>\u00a0en Mendoza, consolidando una matriz energ\u00e9tica diversificada y sustentable\u201d. Y marc\u00f3 que \u201cPCR, adem\u00e1s de tener cuatro \u00e1reas en operaci\u00f3n en Mendoza, adquiri\u00f3 a fines de 2024 el cl\u00faster Llancanelo y Llancanelo R a trav\u00e9s del\u00a0<strong>Plan Andes<\/strong>, comprometiendo una inversi\u00f3n total de U$S 56 millones, que hoy proyecta superar alcanzando los U$S 100 millones\u201d.<\/p>\n\n\n\n<p>Esta&nbsp;<strong>inversi\u00f3n<\/strong>&nbsp;-aclar\u00f3 la ministra- se ejecuta en etapas y ahora se consolida con la apertura de&nbsp;<strong>nuevas oficinas<\/strong>. Valor\u00f3 a su vez el esquema de regal\u00edas variables implementado por la Provincia, que premia a quienes produzcan m\u00e1s: \u201cSi una empresa incrementa su producci\u00f3n, recibe un&nbsp;<strong>incentivo tributario<\/strong>. Y a largo plazo, eso tambi\u00e9n mejora la recaudaci\u00f3n\u201d.<\/p>\n\n\n\n<p>El director de PCR comparti\u00f3 las&nbsp;<strong>prioridades de la compa\u00f1\u00eda<\/strong>: \u201cPerforar pozos exploratorios en busca de nuevas reservas, optimizar el desarrollo de \u00e1reas con potencial para incrementar su producci\u00f3n y dar viabilidad a yacimientos maduros, prolongando su vida \u00fatil mediante t\u00e9cnicas de extracci\u00f3n de \u00faltima generaci\u00f3n\u201d.<\/p>\n\n\n\n<h2 class=\"wp-block-heading\">Las inversiones de PCR en Llancanelo<\/h2>\n\n\n\n<p>En&nbsp;<strong>Llancanelo<\/strong>&nbsp;PCR extrae crudo extrapesado, un tipo de petr\u00f3leo con creciente demanda en el pa\u00eds para su mezcla con crudos livianos. En este marco -seg\u00fan se lee en publicaciones oficiales-, ya se finaliz\u00f3 la perforaci\u00f3n del primer pozo con rama horizontal de 1.075 metros y se comenz\u00f3 el segundo de los cinco previstos para este a\u00f1o. Esta campa\u00f1a representa una inversi\u00f3n de m\u00e1s de U$S 20 millones.<\/p>\n\n\n\n<p>El plan contempla una&nbsp;<strong>inversi\u00f3n total superior a U$S 100 millones<\/strong>, destinada tanto a nuevas perforaciones como a infraestructura para el tratamiento y transporte del crudo. Entre 2026 y 2029 se prev\u00e9 perforar al menos 10 pozos adicionales, con la posibilidad de ampliar esa cifra a 15 seg\u00fan los resultados obtenidos.<\/p>\n\n\n\n<p>PCR asumi\u00f3 la operaci\u00f3n de las \u00e1reas Llancanelo y Llancanelo R a fines de 2024 en el marco del Plan Andes, una iniciativa impulsada por YPF que permiti\u00f3 transferir \u00e1reas convencionales maduras a nuevos operadores privados. Entre tanto,&nbsp;<strong>YPF decidi\u00f3 centrar sus esfuerzos en Vaca Muerta<\/strong>.<\/p>\n\n\n\n<p>En 2023, PCR tambi\u00e9n adquiri\u00f3 las \u00e1reas Puesto Rojas, La Brea y Cerro Mollar Oeste, sum\u00e1ndolas a su hist\u00f3rica operaci\u00f3n en El Sosneado. Para estas nuevas \u00e1reas, ya proyecta la perforaci\u00f3n de pozos exploratorios durante 2025, con una<strong>&nbsp;inversi\u00f3n<\/strong>&nbsp;estimada de U$S 10 millones.<\/p>\n\n\n\n<p>El tema ambiental es un eje importante. El \u00e1rea Llancanelo est\u00e1 parcialmente dentro de la&nbsp;<strong>Reserva Natural Laguna de Llancanelo<\/strong>. En consecuencia, solo el 26% y el 29% de las \u00e1reas Llancanelo y Llancanelo R, respectivamente, est\u00e1n habilitadas para operaciones hidrocarbur\u00edferas. Y en los lugares donde s\u00ed hay actividad se lleva a cabo un monitoreo permanente de la Unidad de Gesti\u00f3n Ambiental de Llancanelo (UGAL), integrada por organismos ambientales provinciales, el Municipio, Irrigaci\u00f3n y representantes de la comunidad.<\/p>\n\n\n\n<p>Por lo dem\u00e1s,\u00a0<strong>PCR<\/strong>\u00a0es la empresa privada m\u00e1s antigua del\u00a0<strong>sector petrolero\u00a0<\/strong>argentino, as\u00ed como el mayor productor de cemento en la Patagonia y uno de los principales generadores de energ\u00eda e\u00f3lica del pa\u00eds.<\/p>\n\n\n\n<p><strong>Fuente: www.diariouno.com.ar<\/strong><\/p>\n","protected":false},"excerpt":{"rendered":"<p>El gobernador\u00a0Alfredo Cornejo\u00a0estuvo el jueves en\u00a0Malarg\u00fce\u00a0para inaugurar las nuevas oficinas de la petrolera\u00a0PCR, y luego destac\u00f3 en redes sociales que Mendoza est\u00e1 dispuesta a &#8220;recaudar menos en regal\u00edas si eso significa promover\u00a0inversiones\u00a0productivas y premiar a quienes incrementan su producci\u00f3n&#8221; El mandatario estuvo acompa\u00f1ado por la ministra de Energ\u00eda y Ambiente,\u00a0Jimena Latorre, y el CEO de [&hellip;]<\/p>\n","protected":false},"author":2,"featured_media":13899,"comment_status":"open","ping_status":"open","sticky":false,"template":"","format":"standard","meta":[],"categories":[47],"tags":[],"_links":{"self":[{"href":"https:\/\/pasaenmendoza.com\/index.php?rest_route=\/wp\/v2\/posts\/13898"}],"collection":[{"href":"https:\/\/pasaenmendoza.com\/index.php?rest_route=\/wp\/v2\/posts"}],"about":[{"href":"https:\/\/pasaenmendoza.com\/index.php?rest_route=\/wp\/v2\/types\/post"}],"author":[{"embeddable":true,"href":"https:\/\/pasaenmendoza.com\/index.php?rest_route=\/wp\/v2\/users\/2"}],"replies":[{"embeddable":true,"href":"https:\/\/pasaenmendoza.com\/index.php?rest_route=%2Fwp%2Fv2%2Fcomments&post=13898"}],"version-history":[{"count":1,"href":"https:\/\/pasaenmendoza.com\/index.php?rest_route=\/wp\/v2\/posts\/13898\/revisions"}],"predecessor-version":[{"id":13900,"href":"https:\/\/pasaenmendoza.com\/index.php?rest_route=\/wp\/v2\/posts\/13898\/revisions\/13900"}],"wp:featuredmedia":[{"embeddable":true,"href":"https:\/\/pasaenmendoza.com\/index.php?rest_route=\/wp\/v2\/media\/13899"}],"wp:attachment":[{"href":"https:\/\/pasaenmendoza.com\/index.php?rest_route=%2Fwp%2Fv2%2Fmedia&parent=13898"}],"wp:term":[{"taxonomy":"category","embeddable":true,"href":"https:\/\/pasaenmendoza.com\/index.php?rest_route=%2Fwp%2Fv2%2Fcategories&post=13898"},{"taxonomy":"post_tag","embeddable":true,"href":"https:\/\/pasaenmendoza.com\/index.php?rest_route=%2Fwp%2Fv2%2Ftags&post=13898"}],"curies":[{"name":"wp","href":"https:\/\/api.w.org\/{rel}","templated":true}]}}