{"id":13910,"date":"2025-07-14T15:11:11","date_gmt":"2025-07-14T13:11:11","guid":{"rendered":"https:\/\/pasaenmendoza.com\/?p=13910"},"modified":"2025-07-14T15:11:12","modified_gmt":"2025-07-14T13:11:12","slug":"preocupa-el-avance-de-drogas-duras-en-mendoza-como-se-aborda","status":"publish","type":"post","link":"https:\/\/pasaenmendoza.com\/?p=13910","title":{"rendered":"Preocupa el avance de &#8220;drogas duras&#8221; en Mendoza: \u00bfc\u00f3mo se aborda?"},"content":{"rendered":"\n<p>El narcotr\u00e1fico no da tregua y la\u00a0<strong>alerta por el avance del fentanilo en Argentina se vuelve cada vez m\u00e1s palpable, incluso con Mendoza\u00a0<\/strong>como protagonista: d\u00edas atr\u00e1s detuvieron a dos narcotraficantes que enviaban fentanilo a la provincia y meses atr\u00e1s cay\u00f3 otro sospechoso cuando fue a retirar una encomienda con esta droga.<\/p>\n\n\n\n<p>El caso sacudi\u00f3 a las autoridades sanitarias y judiciales, y reaviv\u00f3 un debate que se mantiene pendiente:<strong>&nbsp;\u00bfqu\u00e9 herramientas reales existen hoy para prevenir, contener y tratar los consumos problem\u00e1ticos de sustancias en nuestra provincia?<\/strong><\/p>\n\n\n\n<p>En primer lugar, consultadas por el\u00a0<em>Post<\/em>, las autoridades de Seguridad de la provincia detallaron que &#8220;a\u00fan no ha habido operativos por fentanilo en Mendoza&#8221;.<\/p>\n\n\n\n<p>Por otro lado, y a fin de comprender el fen\u00f3meno desde adentro del sistema de salud,&nbsp;<strong>Melisa Martorell<\/strong>,<strong>&nbsp;especialista en salud mental y trabajadora del hospital El Carmen y del Plan Provincial de Adicciones<\/strong>, ofreci\u00f3 un an\u00e1lisis profundo sobre los distintos niveles de consumo y el abordaje estatal ante este tipo de problem\u00e1ticas.<\/p>\n\n\n\n<p><strong>Uso, abuso y consumo problem\u00e1tico<\/strong><\/p>\n\n\n\n<p>Martorell explic\u00f3 que<strong>\u00a0es clave distinguir entre uso, abuso y consumo problem\u00e1tico de sustancias<\/strong>. &#8220;En una sociedad de consumo, todas las personas hacemos uso de alg\u00fan objeto de consumo. Eso no significa que sea problem\u00e1tico.\u00a0<strong>El abuso, en cambio, puede implicar un consumo epis\u00f3dico excesivo, con consecuencias f\u00edsicas o ps\u00edquicas<\/strong>, que lleva a la persona a una urgencia m\u00e9dica&#8221;, se\u00f1al\u00f3.<\/p>\n\n\n\n<p>Pero el&nbsp;<strong>consumo problem\u00e1tico<\/strong>&nbsp;va m\u00e1s all\u00e1. &#8220;Implica consecuencias en distintos \u00e1mbitos de la vida de la persona, como el entorno familiar, laboral o econ\u00f3mico. All\u00ed es donde se requiere una evaluaci\u00f3n espec\u00edfica de parte de un equipo de salud y pensar en estrategias terap\u00e9uticas acordes&#8221;, detall\u00f3 Martorell.<\/p>\n\n\n\n<p><strong>Abordajes en un sistema con recursos limitados<\/strong><\/p>\n\n\n\n<p>La especialista remarc\u00f3 que los consumos problem\u00e1ticos son\u00a0<strong>&#8220;problem\u00e1ticas sociales complejas&#8221;<\/strong>\u00a0y, como tales, deben ser abordadas desde una mirada integral. En Mendoza, existen distintos niveles de atenci\u00f3n, desde\u00a0<strong>guardias de urgencia hasta tratamientos ambulatorios y centros de internaci\u00f3n, p\u00fablicos y privados<\/strong>.<\/p>\n\n\n\n<p>&#8220;<strong>El sistema incluye desde los CPAA (Centros Preventivos y Asistenciales en Adicciones)<\/strong>, que tienen presencia en cada departamento y reciben personas sin obra social, hasta comunidades terap\u00e9uticas o cl\u00ednicas privadas. Pero es fundamental que un equipo interdisciplinario eval\u00fae caso por caso y defina qu\u00e9 tipo de tratamiento es posible y viable para esa persona&#8221;, explic\u00f3 Martorell.<\/p>\n\n\n\n<p>En cuanto al crecimiento del consumo de drogas duras, Martorell fue prudente al afirmar que\u00a0<strong>el fen\u00f3meno no es nuevo<\/strong>, pero s\u00ed m\u00e1s visible. &#8220;La vinculaci\u00f3n del ser humano con las sustancias es hist\u00f3rica. Pero quiz\u00e1s hoy hay una mayor visibilidad del sufrimiento ps\u00edquico y una crisis de salud mental y social que hacen m\u00e1s frecuente la consulta o la demanda de atenci\u00f3n&#8221;, subray\u00f3.<\/p>\n\n\n\n<p>Por otro lado, la entrevistada se\u00f1al\u00f3 tambi\u00e9n que la diversidad de sustancias y su mayor accesibilidad hacen m\u00e1s complejo el abordaje desde la salud p\u00fablica, que muchas veces queda un paso atr\u00e1s frente al crecimiento del narcotr\u00e1fico.&nbsp;<\/p>\n\n\n\n<p>&#8220;La diversidad de drogas cambia muy r\u00e1pido, lo que dificulta establecer pol\u00edticas preventivas eficaces. Lamentablemente, hoy en Argentina no hay un verdadero debate sobre pol\u00edticas de drogas&#8221;, lament\u00f3.<\/p>\n\n\n\n<p><strong>El fentanilo y la prevenci\u00f3n local<\/strong><\/p>\n\n\n\n<p>Aunque el reciente decomiso de fentanilo genera alarma, Martorell indic\u00f3 que\u00a0<strong>en Mendoza las estrategias de prevenci\u00f3n se enfocan en otras sustancias de mayor presencia local<\/strong>.\u00a0<\/p>\n\n\n\n<p>&#8220;No hemos generado dispositivos espec\u00edficos en torno al fentanilo, que a\u00fan no tiene gran circulaci\u00f3n en la provincia. S\u00ed vemos un aumento del consumo de coca\u00edna fumada, y en eso venimos trabajando territorialmente&#8221;, apunt\u00f3.<\/p>\n\n\n\n<p>Desde el equipo provincial de adicciones, se impulsan estrategias de prevenci\u00f3n que van m\u00e1s all\u00e1 de dar informaci\u00f3n sobre las drogas: se busca fortalecer las redes comunitarias, los v\u00ednculos y la salud mental como formas de cuidado integral.<\/p>\n\n\n\n<p><strong>Un debate que no puede esperar<\/strong><\/p>\n\n\n\n<p><strong>El intento de ingreso de fentanilo a Mendoza, abortado por Interpol en un operativo de escala internacional, marca un punto de inflexi\u00f3n<\/strong>. La droga, de alt\u00edsima letalidad y bajo costo de producci\u00f3n, representa una amenaza concreta que ya ha golpeado fuerte en pa\u00edses como Estados Unidos y M\u00e9xico.<\/p>\n\n\n\n<p>Frente a este escenario, distintos sectores encienden alertas en torno a esta situaci\u00f3n y ven con preocupaci\u00f3n el avance. &#8220;La pregunta no es si vamos a tener m\u00e1s casos de fentanilo en Mendoza. La pregunta es si vamos a estar preparados para enfrentarlos&#8221;, concluy\u00f3 la especialista.<\/p>\n\n\n\n<p><strong>Fuente: www.mendozapost.com<\/strong><\/p>\n","protected":false},"excerpt":{"rendered":"<p>El narcotr\u00e1fico no da tregua y la\u00a0alerta por el avance del fentanilo en Argentina se vuelve cada vez m\u00e1s palpable, incluso con Mendoza\u00a0como protagonista: d\u00edas atr\u00e1s detuvieron a dos narcotraficantes que enviaban fentanilo a la provincia y meses atr\u00e1s cay\u00f3 otro sospechoso cuando fue a retirar una encomienda con esta droga. El caso sacudi\u00f3 a [&hellip;]<\/p>\n","protected":false},"author":2,"featured_media":13911,"comment_status":"open","ping_status":"open","sticky":false,"template":"","format":"standard","meta":[],"categories":[50],"tags":[],"_links":{"self":[{"href":"https:\/\/pasaenmendoza.com\/index.php?rest_route=\/wp\/v2\/posts\/13910"}],"collection":[{"href":"https:\/\/pasaenmendoza.com\/index.php?rest_route=\/wp\/v2\/posts"}],"about":[{"href":"https:\/\/pasaenmendoza.com\/index.php?rest_route=\/wp\/v2\/types\/post"}],"author":[{"embeddable":true,"href":"https:\/\/pasaenmendoza.com\/index.php?rest_route=\/wp\/v2\/users\/2"}],"replies":[{"embeddable":true,"href":"https:\/\/pasaenmendoza.com\/index.php?rest_route=%2Fwp%2Fv2%2Fcomments&post=13910"}],"version-history":[{"count":1,"href":"https:\/\/pasaenmendoza.com\/index.php?rest_route=\/wp\/v2\/posts\/13910\/revisions"}],"predecessor-version":[{"id":13912,"href":"https:\/\/pasaenmendoza.com\/index.php?rest_route=\/wp\/v2\/posts\/13910\/revisions\/13912"}],"wp:featuredmedia":[{"embeddable":true,"href":"https:\/\/pasaenmendoza.com\/index.php?rest_route=\/wp\/v2\/media\/13911"}],"wp:attachment":[{"href":"https:\/\/pasaenmendoza.com\/index.php?rest_route=%2Fwp%2Fv2%2Fmedia&parent=13910"}],"wp:term":[{"taxonomy":"category","embeddable":true,"href":"https:\/\/pasaenmendoza.com\/index.php?rest_route=%2Fwp%2Fv2%2Fcategories&post=13910"},{"taxonomy":"post_tag","embeddable":true,"href":"https:\/\/pasaenmendoza.com\/index.php?rest_route=%2Fwp%2Fv2%2Ftags&post=13910"}],"curies":[{"name":"wp","href":"https:\/\/api.w.org\/{rel}","templated":true}]}}