{"id":13919,"date":"2025-07-15T00:58:33","date_gmt":"2025-07-14T22:58:33","guid":{"rendered":"https:\/\/pasaenmendoza.com\/?p=13919"},"modified":"2025-07-15T00:58:34","modified_gmt":"2025-07-14T22:58:34","slug":"el-ipv-lanzo-un-operativo-para-que-40-000-familias-de-mendoza-tengan-la-escritura-de-su-casa","status":"publish","type":"post","link":"https:\/\/pasaenmendoza.com\/?p=13919","title":{"rendered":"El IPV lanz\u00f3 un operativo para que 40.000 familias de Mendoza tengan la escritura de su casa"},"content":{"rendered":"\n<p>El Gobierno ya puso en vigencia la ley 9632, que facilita el acceso a la\u00a0<strong>escritura<\/strong>\u00a0de su\u00a0<strong>casa<\/strong>\u00a0a miles de familias en Mendoza. Es un\u00a0<strong>operativo<\/strong>\u00a0de regularizaci\u00f3n dominial para 40.000 adjudicatarios del\u00a0<strong>IPV<\/strong>\u00a0(Instituto Provincial de la Vivienda) que habitan la suya hace casi 2 d\u00e9cadas.<\/p>\n\n\n\n<p>La mayor\u00eda accedieron a una vivienda social del IPV y hace unos 20 a\u00f1os la habitan, pero a\u00fan sin el papel que lo certifique. Ni m\u00e1s ni menos que el t\u00edtulo de propiedad, o&nbsp;<strong>escritura<\/strong>, pese a haber cancelado el valor de la misma.<\/p>\n\n\n\n<p>Para el titular del IPV,&nbsp;<strong>Gustavo Cantero<\/strong>, \u201cse postergaron prioridades como herencia, acceso al cr\u00e9dito, mejorar o ampliar la casa. Esta ley permite saldar una deuda con miles de familias que han esperado a\u00f1os para tener la titularidad definitiva\u201d.<\/p>\n\n\n\n<p>En\u00a0<strong>junio<\/strong>\u00a0fueron las primeras reuniones con algunos municipios. Seg\u00fan los responsables del operativo se dise\u00f1\u00f3 &#8220;un proceso \u00e1gil, accesible y con acompa\u00f1amiento de todos los actores involucrados. La\u00a0<strong>escritura\u00a0<\/strong>no ser\u00e1 un lujo inalcanzable&#8221;.<\/p>\n\n\n\n<h2 class=\"wp-block-heading\">Ventajas del operativo escritura del IPV<\/h2>\n\n\n\n<p>Para aliviar los costos de\u00a0registro de la titularidad que encarecen cada escritura el IPV ofrece financiar el gasto. Algo acorde o &#8220;a medida&#8221; de la realidad econ\u00f3mica de cada beneficiario.<\/p>\n\n\n\n<p>Pero tambi\u00e9n se eliminan<strong>&nbsp;tasas y aforos.&nbsp;<\/strong>Con ese fin, el IPV firm\u00f3 acuerdos con municipios, colegios de arquitectos e ingenieros y organismos t\u00e9cnicos para bajar costos.<\/p>\n\n\n\n<p>Las primera comunas en adherir fueron Jun\u00edn, Tunuy\u00e1n, San Martin, General Alvear, Rivadavia y Las Heras. Y tambi\u00e9n con&nbsp;<strong>AYSAM<\/strong>&nbsp;e Irrigaci\u00f3n.<\/p>\n\n\n\n<p>En Jun\u00edn, el intendente<strong>\u00a0Mario Abed<\/strong>\u00a0se comprometi\u00f3 a gestionar exenci\u00f3n de tasas, contribuciones y derechos de transferencia que pudieran obstaculizar el proceso, adem\u00e1s de destinar personal capacitado para acompa\u00f1ar a las familias.<\/p>\n\n\n\n<p><strong>Fuente: www.diariouno.com.ar<\/strong><\/p>\n","protected":false},"excerpt":{"rendered":"<p>El Gobierno ya puso en vigencia la ley 9632, que facilita el acceso a la\u00a0escritura\u00a0de su\u00a0casa\u00a0a miles de familias en Mendoza. Es un\u00a0operativo\u00a0de regularizaci\u00f3n dominial para 40.000 adjudicatarios del\u00a0IPV\u00a0(Instituto Provincial de la Vivienda) que habitan la suya hace casi 2 d\u00e9cadas. La mayor\u00eda accedieron a una vivienda social del IPV y hace unos 20 a\u00f1os [&hellip;]<\/p>\n","protected":false},"author":2,"featured_media":13920,"comment_status":"open","ping_status":"open","sticky":false,"template":"","format":"standard","meta":[],"categories":[65],"tags":[],"_links":{"self":[{"href":"https:\/\/pasaenmendoza.com\/index.php?rest_route=\/wp\/v2\/posts\/13919"}],"collection":[{"href":"https:\/\/pasaenmendoza.com\/index.php?rest_route=\/wp\/v2\/posts"}],"about":[{"href":"https:\/\/pasaenmendoza.com\/index.php?rest_route=\/wp\/v2\/types\/post"}],"author":[{"embeddable":true,"href":"https:\/\/pasaenmendoza.com\/index.php?rest_route=\/wp\/v2\/users\/2"}],"replies":[{"embeddable":true,"href":"https:\/\/pasaenmendoza.com\/index.php?rest_route=%2Fwp%2Fv2%2Fcomments&post=13919"}],"version-history":[{"count":1,"href":"https:\/\/pasaenmendoza.com\/index.php?rest_route=\/wp\/v2\/posts\/13919\/revisions"}],"predecessor-version":[{"id":13921,"href":"https:\/\/pasaenmendoza.com\/index.php?rest_route=\/wp\/v2\/posts\/13919\/revisions\/13921"}],"wp:featuredmedia":[{"embeddable":true,"href":"https:\/\/pasaenmendoza.com\/index.php?rest_route=\/wp\/v2\/media\/13920"}],"wp:attachment":[{"href":"https:\/\/pasaenmendoza.com\/index.php?rest_route=%2Fwp%2Fv2%2Fmedia&parent=13919"}],"wp:term":[{"taxonomy":"category","embeddable":true,"href":"https:\/\/pasaenmendoza.com\/index.php?rest_route=%2Fwp%2Fv2%2Fcategories&post=13919"},{"taxonomy":"post_tag","embeddable":true,"href":"https:\/\/pasaenmendoza.com\/index.php?rest_route=%2Fwp%2Fv2%2Ftags&post=13919"}],"curies":[{"name":"wp","href":"https:\/\/api.w.org\/{rel}","templated":true}]}}