{"id":1392,"date":"2023-09-12T15:39:42","date_gmt":"2023-09-12T13:39:42","guid":{"rendered":"https:\/\/pasaenmendoza.com\/?p=1392"},"modified":"2023-09-12T15:39:43","modified_gmt":"2023-09-12T13:39:43","slug":"mendoza-invierte-42-millones-en-becas-para-futuros-docentes","status":"publish","type":"post","link":"https:\/\/pasaenmendoza.com\/?p=1392","title":{"rendered":"Mendoza invierte $42 millones en becas para futuros docentes"},"content":{"rendered":"\n<p>El gobierno de Mendoza otorgar\u00e1\u00a0<strong>becas a futuros docentes<\/strong>. Con una inversi\u00f3n de\u00a0<strong>$42,000,000,<\/strong>\u00a0el gobierno provincial est\u00e1 impulsando un programa de becas est\u00edmulo que no solo beneficia a los futuros docentes, sino que tambi\u00e9n tiene un<strong>\u00a0impacto positivo en las escuelas primarias y secundarias<\/strong>\u00a0de todos los departamentos.<\/p>\n\n\n\n<p>El objetivo principal de este programa es\u00a0<strong>promover las primeras experiencias laborales en el \u00e1mbito docente<\/strong>, preparando a los estudiantes y egresados para su futura carrera educativa mientras contribuyen activamente a la mejora del sistema educativo mendocino. A cambio de estas becas,\u00a0<strong>los becarios se comprometen a realizar acciones de apoyo pedag\u00f3gico<\/strong>\u00a0en las escuelas, brindando asistencia y orientaci\u00f3n a los estudiantes que m\u00e1s lo necesitan.<\/p>\n\n\n\n<p>Las experiencias pedag\u00f3gicas que se llevan a cabo gracias a este programa se desarrollan\u00a0<strong>desde julio hasta noviembre,<\/strong>\u00a0abarcando un per\u00edodo crucial del ciclo escolar. Este enfoque no solo beneficia a los becarios al proporcionarles una primera aproximaci\u00f3n al entorno educativo real, sino que tambi\u00e9n\u00a0<strong>fortalece el aprendizaje de los estudiantes de escuelas primarias y secundarias<\/strong>\u00a0al ofrecerles oportunidades adicionales para consolidar sus trayectorias acad\u00e9micas.<\/p>\n\n\n\n<p>Lo m\u00e1s destacado de este programa es que crea una<strong>\u00a0red de relaciones colaborativas<\/strong>\u00a0en la que se vinculan diferentes niveles educativos. Por un lado, brinda a estudiantes avanzados y docentes novatos la oportunidad de trabajar en un entorno laboral real, permiti\u00e9ndoles adquirir experiencia y herramientas esenciales para su futuro desempe\u00f1o en la ense\u00f1anza. Por otro lado, las escuelas reciben un valioso<strong>\u00a0aporte que complementa sus recursos existentes<\/strong>, lo que les permite atender las necesidades espec\u00edficas de cada instituci\u00f3n y de sus estudiantes.<\/p>\n\n\n\n<p>La iniciativa no solo se traduce en un beneficio tangible para los estudiantes, sino que tambi\u00e9n enriquece la experiencia de los becarios y refuerza la capacidad de las escuelas para brindar una educaci\u00f3n de calidad.<\/p>\n\n\n\n<p>Este importante aporte del gobierno de Mendoza<strong>\u00a0garantiza la continuidad<\/strong>\u00a0de un programa que ya ha demostrado su impacto positivo en ciclos lectivos anteriores.\u00a0<\/p>\n\n\n\n<p>Fuente: www.mendozapost.com<\/p>\n","protected":false},"excerpt":{"rendered":"<p>El gobierno de Mendoza otorgar\u00e1\u00a0becas a futuros docentes. Con una inversi\u00f3n de\u00a0$42,000,000,\u00a0el gobierno provincial est\u00e1 impulsando un programa de becas est\u00edmulo que no solo beneficia a los futuros docentes, sino que tambi\u00e9n tiene un\u00a0impacto positivo en las escuelas primarias y secundarias\u00a0de todos los departamentos. El objetivo principal de este programa es\u00a0promover las primeras experiencias laborales [&hellip;]<\/p>\n","protected":false},"author":2,"featured_media":1393,"comment_status":"open","ping_status":"open","sticky":false,"template":"","format":"standard","meta":[],"categories":[50],"tags":[],"_links":{"self":[{"href":"https:\/\/pasaenmendoza.com\/index.php?rest_route=\/wp\/v2\/posts\/1392"}],"collection":[{"href":"https:\/\/pasaenmendoza.com\/index.php?rest_route=\/wp\/v2\/posts"}],"about":[{"href":"https:\/\/pasaenmendoza.com\/index.php?rest_route=\/wp\/v2\/types\/post"}],"author":[{"embeddable":true,"href":"https:\/\/pasaenmendoza.com\/index.php?rest_route=\/wp\/v2\/users\/2"}],"replies":[{"embeddable":true,"href":"https:\/\/pasaenmendoza.com\/index.php?rest_route=%2Fwp%2Fv2%2Fcomments&post=1392"}],"version-history":[{"count":1,"href":"https:\/\/pasaenmendoza.com\/index.php?rest_route=\/wp\/v2\/posts\/1392\/revisions"}],"predecessor-version":[{"id":1394,"href":"https:\/\/pasaenmendoza.com\/index.php?rest_route=\/wp\/v2\/posts\/1392\/revisions\/1394"}],"wp:featuredmedia":[{"embeddable":true,"href":"https:\/\/pasaenmendoza.com\/index.php?rest_route=\/wp\/v2\/media\/1393"}],"wp:attachment":[{"href":"https:\/\/pasaenmendoza.com\/index.php?rest_route=%2Fwp%2Fv2%2Fmedia&parent=1392"}],"wp:term":[{"taxonomy":"category","embeddable":true,"href":"https:\/\/pasaenmendoza.com\/index.php?rest_route=%2Fwp%2Fv2%2Fcategories&post=1392"},{"taxonomy":"post_tag","embeddable":true,"href":"https:\/\/pasaenmendoza.com\/index.php?rest_route=%2Fwp%2Fv2%2Ftags&post=1392"}],"curies":[{"name":"wp","href":"https:\/\/api.w.org\/{rel}","templated":true}]}}