{"id":13925,"date":"2025-07-15T01:21:07","date_gmt":"2025-07-14T23:21:07","guid":{"rendered":"https:\/\/pasaenmendoza.com\/?p=13925"},"modified":"2025-07-15T01:21:07","modified_gmt":"2025-07-14T23:21:07","slug":"algunos-municipios-ya-decidieron-unificar-sus-elecciones-con-las-provinciales-y-nacionales","status":"publish","type":"post","link":"https:\/\/pasaenmendoza.com\/?p=13925","title":{"rendered":"Algunos municipios ya decidieron unificar sus elecciones con las provinciales y nacionales"},"content":{"rendered":"\n<p><strong>Intendentes<\/strong>\u00a0radicales decidieron acoplarse a la\u00a0decisi\u00f3n del gobernador\u00a0<strong>Alfredo Cornejo<\/strong>\u00a0de realizar los comicios provinciales y\u00a0<strong>municipales<\/strong>\u00a0el 26 de octubre, en coincidencia con las\u00a0<strong>elecciones<\/strong>\u00a0nacionales. Mientras tanto, los jefes comunales que no han confirmado tienen hasta el viernes para decidir si desdoblan los comicios y los vecinos deben votar a sus ediles en otra jornada.<\/p>\n\n\n\n<p>Hasta ahora, ya confirmaron su decisi\u00f3n los municipios de Guaymall\u00e9n, Ciudad, Godoy Cruz, Las Heras, Jun\u00edn, General Alvear, San Mart\u00edn y Tupungato.<\/p>\n\n\n\n<p>El primero en anunciarlo fue el intendente radical de\u00a0<strong>Guaymall\u00e9n,<\/strong>\u00a0Marcos Calvente, quien justific\u00f3 su decisi\u00f3n aclarando que es &#8220;para que las vecinas y los vecinos no tengan que ir a votar varias veces&#8221;.<\/p>\n\n\n\n<p>&#8220;En una sola jornada,\u00a0se podr\u00e1n elegir cargos provinciales, nacionales y municipales, con boleta \u00fanica de papel y en dos urnas. Esta decisi\u00f3n simplifica, ordena y cuida los recursos p\u00fablicos. Menos burocracia, m\u00e1s participaci\u00f3n y m\u00e1s eficiencia&#8221;, afirm\u00f3 en X.<\/p>\n\n\n\n<p>Luego se sum\u00f3 el intendente radical de&nbsp;<strong>San Mart\u00edn<\/strong>, Ra\u00fal Rufeil, quien tambi\u00e9n lo anunci\u00f3 por sus redes sociales: &#8220;El departamento de General San Mart\u00edn, realizar\u00e1 sus elecciones municipales para elegir sus ediles junto con Naci\u00f3n y provincia el pr\u00f3ximo 26 de octubre&#8221;.<\/p>\n\n\n\n<h2 class=\"wp-block-heading\">El intendente de Ciudad, Ulpiano Suarez, tambi\u00e9n se sum\u00f3 a la medida de sus pares<\/h2>\n\n\n\n<p>El jefe comunal de\u00a0<strong>Ciudad,<\/strong>\u00a0Ulpiano Suarez, dedic\u00f3 algunas l\u00edneas justificando la medida y asegur\u00f3 que hay dos argumentos por los que tom\u00f3 su decisi\u00f3n. Por un lado, &#8220;la concentraci\u00f3n de los comicios en una sola jornada tiene como beneficio principal simplificarle la vida al ciudadano&#8221; y, por otro, afirm\u00f3 que &#8220;en un contexto de crisis, resulta una decisi\u00f3n emp\u00e1tica con la situaci\u00f3n que viven vecinos y comerciantes, pues representa un importante ahorro para las finanzas del municipio que podr\u00e1 ser destinado a obras y mejores servicios&#8221;.<\/p>\n\n\n\n<p>Adem\u00e1s, puso en relevancia la baja participaci\u00f3n que han tenido las diferentes&nbsp;<strong>elecciones provinciales<\/strong>&nbsp;que han tenido lugar este a\u00f1o: &#8220;Se entiende que votar una sola vez y los beneficios que aporta la&nbsp;<strong>boleta \u00fanica&nbsp;<\/strong>tanto para cargos nacionales como provinciales y municipales, contribuir\u00e1 a una mayor concurrencia de mendocinos a expresarse en las urnas el pr\u00f3ximo 26 de octubre&#8221;.<\/p>\n\n\n\n<p>\u201cEstoy enfocado 100% en gestionar la&nbsp;<strong>Ciudad<\/strong>&nbsp;y mientras menos tiempo la dirigencia deba dedicarle a la rosca pol\u00edtica y a las campa\u00f1as electorales, mucho mejor para la gente. Por eso quiero aprovechar para reiterar la conveniencia de la eliminaci\u00f3n de elecciones de medio t\u00e9rmino como sucede en otras provincias&#8221;, concluy\u00f3.<\/p>\n\n\n\n<h2 class=\"wp-block-heading\">\u00bfC\u00f3mo ser\u00e1 el calendario electoral de Mendoza?<\/h2>\n\n\n\n<p>En el decreto provincial que firm\u00f3 el gobernador anunciando la unificaci\u00f3n de las elecciones provinciales con las nacionales, tambi\u00e9n se conocieron el resto de las fechas relevantes del<strong>&nbsp;calendario electoral:<\/strong><\/p>\n\n\n\n<ul>\n<li>&nbsp;18 de julio: fecha l\u00edmite para convocar a elecciones generales.<\/li>\n\n\n\n<li>7 de agosto: vencimiento del plazo para registrar alianzas y confederaciones.<\/li>\n\n\n\n<li>12 de agosto: fecha l\u00edmite para solicitar la asignaci\u00f3n de colores.<\/li>\n\n\n\n<li>17 de agosto: vencimiento del plazo para registrar candidaturas.<\/li>\n\n\n\n<li>27 de agosto: inicio oficial de la campa\u00f1a electoral.<\/li>\n\n\n\n<li>1 de septiembre: exhibici\u00f3n de los dise\u00f1os de la Boleta \u00danica de Papel.<\/li>\n\n\n\n<li>16 de septiembre: designaci\u00f3n de autoridades de mesa.<\/li>\n\n\n\n<li>21 de septiembre: inicio de la campa\u00f1a en medios audiovisuales.<\/li>\n\n\n\n<li>24 de octubre: cierre de campa\u00f1a y comienzo de la veda electoral.<\/li>\n<\/ul>\n\n\n\n<p><strong>Fuente: www.diariouno.com.ar<\/strong><\/p>\n","protected":false},"excerpt":{"rendered":"<p>Intendentes\u00a0radicales decidieron acoplarse a la\u00a0decisi\u00f3n del gobernador\u00a0Alfredo Cornejo\u00a0de realizar los comicios provinciales y\u00a0municipales\u00a0el 26 de octubre, en coincidencia con las\u00a0elecciones\u00a0nacionales. Mientras tanto, los jefes comunales que no han confirmado tienen hasta el viernes para decidir si desdoblan los comicios y los vecinos deben votar a sus ediles en otra jornada. Hasta ahora, ya confirmaron su [&hellip;]<\/p>\n","protected":false},"author":2,"featured_media":13926,"comment_status":"open","ping_status":"open","sticky":false,"template":"","format":"standard","meta":[],"categories":[47],"tags":[],"_links":{"self":[{"href":"https:\/\/pasaenmendoza.com\/index.php?rest_route=\/wp\/v2\/posts\/13925"}],"collection":[{"href":"https:\/\/pasaenmendoza.com\/index.php?rest_route=\/wp\/v2\/posts"}],"about":[{"href":"https:\/\/pasaenmendoza.com\/index.php?rest_route=\/wp\/v2\/types\/post"}],"author":[{"embeddable":true,"href":"https:\/\/pasaenmendoza.com\/index.php?rest_route=\/wp\/v2\/users\/2"}],"replies":[{"embeddable":true,"href":"https:\/\/pasaenmendoza.com\/index.php?rest_route=%2Fwp%2Fv2%2Fcomments&post=13925"}],"version-history":[{"count":1,"href":"https:\/\/pasaenmendoza.com\/index.php?rest_route=\/wp\/v2\/posts\/13925\/revisions"}],"predecessor-version":[{"id":13927,"href":"https:\/\/pasaenmendoza.com\/index.php?rest_route=\/wp\/v2\/posts\/13925\/revisions\/13927"}],"wp:featuredmedia":[{"embeddable":true,"href":"https:\/\/pasaenmendoza.com\/index.php?rest_route=\/wp\/v2\/media\/13926"}],"wp:attachment":[{"href":"https:\/\/pasaenmendoza.com\/index.php?rest_route=%2Fwp%2Fv2%2Fmedia&parent=13925"}],"wp:term":[{"taxonomy":"category","embeddable":true,"href":"https:\/\/pasaenmendoza.com\/index.php?rest_route=%2Fwp%2Fv2%2Fcategories&post=13925"},{"taxonomy":"post_tag","embeddable":true,"href":"https:\/\/pasaenmendoza.com\/index.php?rest_route=%2Fwp%2Fv2%2Ftags&post=13925"}],"curies":[{"name":"wp","href":"https:\/\/api.w.org\/{rel}","templated":true}]}}