{"id":13928,"date":"2025-07-15T15:14:49","date_gmt":"2025-07-15T13:14:49","guid":{"rendered":"https:\/\/pasaenmendoza.com\/?p=13928"},"modified":"2025-07-15T15:14:50","modified_gmt":"2025-07-15T13:14:50","slug":"martes-frio-y-ventoso-con-probabilidad-de-lluvias","status":"publish","type":"post","link":"https:\/\/pasaenmendoza.com\/?p=13928","title":{"rendered":"Martes fr\u00edo y ventoso con probabilidad de lluvias"},"content":{"rendered":"\n<p>Este martes la jornada comeinza muy fr\u00eda y se va entibiando por la tarde, pero ingresa viento del sur y se har\u00e1 sentir.\u00a0<\/p>\n\n\n\n<p>Seg\u00fan los datos del\u00a0Servicio Meteorol\u00f3gico Nacional, la m\u00e1xima esperada para hoy ser\u00e1 de\u00a0<strong>16\u00b0<\/strong>, mientras que la m\u00ednima fue de 7\u00b0.<\/p>\n\n\n\n<p>Hay viento leve del norte y la humedad es del 66%, pero por la tarde se esperan r\u00e1fagas de entre 50 y 60 km\/h de viento del sur. Hacia la noche podr\u00eda haber algunas lluvias aisladas en el Gran Mendoza.<\/p>\n\n\n\n<p>En tanto que, en el sur provincial, se espera la ocurrencia de<strong>&nbsp;viento zonda<\/strong>&nbsp;aunque no hay alerta meteorol\u00f3gico.&nbsp;<\/p>\n\n\n\n<p>Ma\u00f1ana mi\u00e9rcoles sentiremos un marcado descenso de la temperatura, con una m\u00e1xima de 11\u00b0 y cielo con nubosidad en disminuci\u00f3n.\u00a0<\/p>\n\n\n\n<p><strong>Fuente: www.mendozapost.com<\/strong><\/p>\n","protected":false},"excerpt":{"rendered":"<p>Este martes la jornada comeinza muy fr\u00eda y se va entibiando por la tarde, pero ingresa viento del sur y se har\u00e1 sentir.\u00a0 Seg\u00fan los datos del\u00a0Servicio Meteorol\u00f3gico Nacional, la m\u00e1xima esperada para hoy ser\u00e1 de\u00a016\u00b0, mientras que la m\u00ednima fue de 7\u00b0. Hay viento leve del norte y la humedad es del 66%, pero [&hellip;]<\/p>\n","protected":false},"author":2,"featured_media":13929,"comment_status":"open","ping_status":"open","sticky":false,"template":"","format":"standard","meta":[],"categories":[52],"tags":[],"_links":{"self":[{"href":"https:\/\/pasaenmendoza.com\/index.php?rest_route=\/wp\/v2\/posts\/13928"}],"collection":[{"href":"https:\/\/pasaenmendoza.com\/index.php?rest_route=\/wp\/v2\/posts"}],"about":[{"href":"https:\/\/pasaenmendoza.com\/index.php?rest_route=\/wp\/v2\/types\/post"}],"author":[{"embeddable":true,"href":"https:\/\/pasaenmendoza.com\/index.php?rest_route=\/wp\/v2\/users\/2"}],"replies":[{"embeddable":true,"href":"https:\/\/pasaenmendoza.com\/index.php?rest_route=%2Fwp%2Fv2%2Fcomments&post=13928"}],"version-history":[{"count":1,"href":"https:\/\/pasaenmendoza.com\/index.php?rest_route=\/wp\/v2\/posts\/13928\/revisions"}],"predecessor-version":[{"id":13930,"href":"https:\/\/pasaenmendoza.com\/index.php?rest_route=\/wp\/v2\/posts\/13928\/revisions\/13930"}],"wp:featuredmedia":[{"embeddable":true,"href":"https:\/\/pasaenmendoza.com\/index.php?rest_route=\/wp\/v2\/media\/13929"}],"wp:attachment":[{"href":"https:\/\/pasaenmendoza.com\/index.php?rest_route=%2Fwp%2Fv2%2Fmedia&parent=13928"}],"wp:term":[{"taxonomy":"category","embeddable":true,"href":"https:\/\/pasaenmendoza.com\/index.php?rest_route=%2Fwp%2Fv2%2Fcategories&post=13928"},{"taxonomy":"post_tag","embeddable":true,"href":"https:\/\/pasaenmendoza.com\/index.php?rest_route=%2Fwp%2Fv2%2Ftags&post=13928"}],"curies":[{"name":"wp","href":"https:\/\/api.w.org\/{rel}","templated":true}]}}