{"id":13934,"date":"2025-07-15T15:42:27","date_gmt":"2025-07-15T13:42:27","guid":{"rendered":"https:\/\/pasaenmendoza.com\/?p=13934"},"modified":"2025-07-15T15:42:28","modified_gmt":"2025-07-15T13:42:28","slug":"mendoza-aplico-por-primera-vez-la-ley-antimafia-diez-procesados-por-liderar-red-criminal-desde-un-penal-federal","status":"publish","type":"post","link":"https:\/\/pasaenmendoza.com\/?p=13934","title":{"rendered":"Mendoza aplic\u00f3 por primera vez la Ley Antimafia: diez procesados por liderar red criminal desde un penal federal"},"content":{"rendered":"\n<p>Diez imputados fueron procesados con prisi\u00f3n preventiva por integrar una red criminal que operaba desde el interior del Complejo Penitenciario Federal VI de Cuyo, en Mendoza.&nbsp;<strong>Este caso representa la primera aplicaci\u00f3n en la provincia<\/strong>&nbsp;de la figura de asociaci\u00f3n il\u00edcita contemplada en el art\u00edculo 210 ter del C\u00f3digo Penal, conocida como&nbsp;<em>\u201cLey Antimafia\u201d<\/em>, incorporada en 2024.<\/p>\n\n\n\n<p>El Juzgado Federal N\u00ba 1 de Mendoza, a cargo del juez subrogante\u00a0<strong>Marcelo Garnica<\/strong>, dict\u00f3 la medida contra diez personas, entre ellas dos reclusas que lideraban desde la c\u00e1rcel una organizaci\u00f3n dedicada al tr\u00e1fico de estupefacientes, armas de fuego y municiones.<\/p>\n\n\n\n<p>La resoluci\u00f3n se fundamenta en la complejidad y la estructura de la organizaci\u00f3n criminal, lo que permite aplicar sanciones m\u00e1s severas contra quienes integran redes dedicadas a delitos especialmente graves.<\/p>\n\n\n\n<p>La investigaci\u00f3n comenz\u00f3 el&nbsp;<strong>5 de junio de 2024<\/strong>&nbsp;tras una denuncia an\u00f3nima presentada en el \u00c1rea de Transici\u00f3n de la Unidad Fiscal de Mendoza, conducida por el fiscal federal&nbsp;<strong>Fernando Alcaraz<\/strong>. Los primeros indicios revelaron una organizaci\u00f3n que comercializaba drogas dentro y fuera del penal, adem\u00e1s de vender armas y utilizar veh\u00edculos clonados, bajo la direcci\u00f3n de dos presos del complejo.<\/p>\n\n\n\n<p>Para desarticular la banda, el Ministerio P\u00fablico Fiscal coordin\u00f3 acciones con la Unidad de Inteligencia Criminal Mendoza de la Gendarmer\u00eda Nacional. Se realizaron intervenciones telef\u00f3nicas, an\u00e1lisis de dispositivos m\u00f3viles y tareas de vigilancia, que permitieron identificar a los miembros de la organizaci\u00f3n, sus veh\u00edculos y un domicilio utilizado como dep\u00f3sito y punto de distribuci\u00f3n de drogas y armas.<\/p>\n\n\n\n<p><strong>Una segunda denuncia<\/strong>&nbsp;aport\u00f3 detalles sobre el ingreso de sustancias il\u00edcitas al penal a trav\u00e9s de mujeres embarazadas y ni\u00f1os, quienes no eran sometidos a esc\u00e1ner de seguridad, y mencion\u00f3 la presunta participaci\u00f3n de agentes penitenciarios en facilitar el ingreso de coca\u00edna y tel\u00e9fonos celulares, aunque esas sospechas a\u00fan no est\u00e1n comprobadas.<\/p>\n\n\n\n<p>Entre\u00a0<strong>el 14 y el 22 de marzo de 2025 se realizaron 21 allanamientos en distintos puntos de la provincia<\/strong>, con participaci\u00f3n de fuerzas federales y provinciales. Como resultado, fueron detenidas las diez personas imputadas y se secuestraron seis armas de fuego, r\u00e9plicas de escopeta y subfusil, m\u00e1s de 500 municiones, balanzas de precisi\u00f3n, casi medio kilo de coca\u00edna y m\u00e1s de 600 gramos de marihuana en diversas presentaciones, adem\u00e1s de 14 plantas en crecimiento y troqueles de LSD.<\/p>\n\n\n\n<p>Tambi\u00e9n se incautaron tres veh\u00edculos, dos motocicletas, m\u00e1s de 90 tel\u00e9fonos celulares y documentaci\u00f3n clave para la causa.<\/p>\n\n\n\n<p>El an\u00e1lisis de la informaci\u00f3n indica que la organizaci\u00f3n utilizaba sistem\u00e1ticamente maniobras para ocultar y aprovechar bienes de dudoso origen,&nbsp;<strong>incluyendo veh\u00edculos con irregularidades legales o t\u00e9cnicas.<\/strong><\/p>\n\n\n\n<p>Con base en estos elementos,\u00a0<strong>el juez Garnica proces\u00f3 a los imputados<\/strong>\u00a0por asociaci\u00f3n il\u00edcita, tr\u00e1fico de estupefacientes agravado por intervenci\u00f3n de menores y concurrencia de m\u00faltiples personas, tr\u00e1fico de armas y encubrimiento agravado.<\/p>\n\n\n\n<p>Adem\u00e1s de las prisiones preventivas, se dispuso un embargo sobre los bienes de cada acusado hasta cubrir un monto de<strong>\u00a04.680.000 pesos<\/strong>, con la posibilidad de inhibici\u00f3n general en caso de no presentar bienes para el embargo.<\/p>\n\n\n\n<p><strong>Fuente: www.elsol.com.ar<\/strong><\/p>\n","protected":false},"excerpt":{"rendered":"<p>Diez imputados fueron procesados con prisi\u00f3n preventiva por integrar una red criminal que operaba desde el interior del Complejo Penitenciario Federal VI de Cuyo, en Mendoza.&nbsp;Este caso representa la primera aplicaci\u00f3n en la provincia&nbsp;de la figura de asociaci\u00f3n il\u00edcita contemplada en el art\u00edculo 210 ter del C\u00f3digo Penal, conocida como&nbsp;\u201cLey Antimafia\u201d, incorporada en 2024. El [&hellip;]<\/p>\n","protected":false},"author":2,"featured_media":13935,"comment_status":"open","ping_status":"open","sticky":false,"template":"","format":"standard","meta":[],"categories":[48],"tags":[],"_links":{"self":[{"href":"https:\/\/pasaenmendoza.com\/index.php?rest_route=\/wp\/v2\/posts\/13934"}],"collection":[{"href":"https:\/\/pasaenmendoza.com\/index.php?rest_route=\/wp\/v2\/posts"}],"about":[{"href":"https:\/\/pasaenmendoza.com\/index.php?rest_route=\/wp\/v2\/types\/post"}],"author":[{"embeddable":true,"href":"https:\/\/pasaenmendoza.com\/index.php?rest_route=\/wp\/v2\/users\/2"}],"replies":[{"embeddable":true,"href":"https:\/\/pasaenmendoza.com\/index.php?rest_route=%2Fwp%2Fv2%2Fcomments&post=13934"}],"version-history":[{"count":1,"href":"https:\/\/pasaenmendoza.com\/index.php?rest_route=\/wp\/v2\/posts\/13934\/revisions"}],"predecessor-version":[{"id":13936,"href":"https:\/\/pasaenmendoza.com\/index.php?rest_route=\/wp\/v2\/posts\/13934\/revisions\/13936"}],"wp:featuredmedia":[{"embeddable":true,"href":"https:\/\/pasaenmendoza.com\/index.php?rest_route=\/wp\/v2\/media\/13935"}],"wp:attachment":[{"href":"https:\/\/pasaenmendoza.com\/index.php?rest_route=%2Fwp%2Fv2%2Fmedia&parent=13934"}],"wp:term":[{"taxonomy":"category","embeddable":true,"href":"https:\/\/pasaenmendoza.com\/index.php?rest_route=%2Fwp%2Fv2%2Fcategories&post=13934"},{"taxonomy":"post_tag","embeddable":true,"href":"https:\/\/pasaenmendoza.com\/index.php?rest_route=%2Fwp%2Fv2%2Ftags&post=13934"}],"curies":[{"name":"wp","href":"https:\/\/api.w.org\/{rel}","templated":true}]}}