{"id":13937,"date":"2025-07-15T16:30:53","date_gmt":"2025-07-15T14:30:53","guid":{"rendered":"https:\/\/pasaenmendoza.com\/?p=13937"},"modified":"2025-07-15T16:30:54","modified_gmt":"2025-07-15T14:30:54","slug":"el-decreto-con-el-que-cornejo-unifico-las-elecciones-en-mendoza","status":"publish","type":"post","link":"https:\/\/pasaenmendoza.com\/?p=13937","title":{"rendered":"El decreto con el que Cornejo unific\u00f3 las elecciones en Mendoza"},"content":{"rendered":"\n<p>Tras la decisi\u00f3n de Alfredo\u00a0Cornejo\u00a0de unificar las\u00a0<strong>elecciones provinciales con las nacionales\u00a0<\/strong>para el pr\u00f3ximo domingo 26 de octubre, este martes se public\u00f3 el decreto en el Bolet\u00edn Oficial de Mendoza.<\/p>\n\n\n\n<p>&#8220;Cel\u00e9brense las elecciones provinciales en forma concurrente con las elecciones nacionales, en la misma fecha, 26 de octubre de 2025&#8221;, expresa el documento que lleva la firma del Gobernador.<\/p>\n\n\n\n<p>&#8220;Conv\u00f3quese al Pueblo de la Provincia de Mendoza, conforme a las Secciones Electorales en las que ella se encuentra fraccionada, para que el d\u00eda 26 de octubre de 2025 en Elecciones Generales, proceda a elegir a seis (6) Senadores Provinciales Titulares y ocho (8) Diputados Provinciales Titulares, por la Primera Secci\u00f3n Electoral; cinco (5) Senadores Provinciales Titulares y seis (6) Diputados Provinciales Titulares por la Segunda Secci\u00f3n Electoral; cuatro (4) Senadores Provinciales Titulares y cinco (5) Diputados Provinciales Titulares por la Tercera Secci\u00f3n Electoral y cuatro (4) Senadores Provinciales Titulares y cinco (5) Diputados Provinciales Titulares por la Cuarta Secci\u00f3n Electoral, en reemplazo de los legisladores cuyos mandatos expiran el 30 de abril de 2026&#8221;, marca la publicaci\u00f3n.<\/p>\n\n\n\n<p>Adem\u00e1s, en el documento, el Ejecutivo invita a los municipios mendocinos a adherir al llamado electoral, cosa que ya hicieron con el correr de las horas de este lunes los departamentos oficialistas. En tanto desde la oposici\u00f3n todav\u00eda no se expresaron y tendr\u00e1n tiempo hasta el pr\u00f3ximo viernes.&nbsp;<\/p>\n\n\n\n<p>Los&nbsp;intendentes tienen la posibilidad de desdoblar y que las elecciones departamentales se realicen en febrero de 2026.<\/p>\n\n\n\n<p><strong>Las elecciones<\/strong><\/p>\n\n\n\n<p>En lo pr\u00e1ctico, el domingo 26 de octubre habr\u00e1&nbsp;<strong>dos boletas \u00fanicas papel y doble urna<\/strong>, ya que la ley nacional prev\u00e9 un modelo de boleta diferente a la provincial.<\/p>\n\n\n\n<p>Teniendo en cuenta el decreto provincial, estas ser\u00e1n las fechas m\u00e1s relevantes:<\/p>\n\n\n\n<p>-18 de julio: fecha l\u00edmite para convocar a elecciones generales.<br>-7 de agosto: vencimiento del plazo para registrar alianzas y confederaciones.<br>-12 de agosto: fecha l\u00edmite para solicitar la asignaci\u00f3n de colores.<br>-17 de agosto: vencimiento del plazo para registrar candidaturas.<br>-27 de agosto: inicio oficial de la campa\u00f1a electoral.<br>-1 de septiembre: exhibici\u00f3n de los dise\u00f1os de la Boleta \u00danica de Papel.<br>-16 de septiembre: designaci\u00f3n de autoridades de mesa.<br>-21 de septiembre: inicio de la campa\u00f1a en medios audiovisuales.<br>-24 de octubre: cierre de campa\u00f1a y comienzo de la veda electoral.<br>-26 de octubre: realizaci\u00f3n de las Elecciones Generales.\u00a0<\/p>\n\n\n\n<p><strong>Fuente: www.mendozapost.com<\/strong><\/p>\n","protected":false},"excerpt":{"rendered":"<p>Tras la decisi\u00f3n de Alfredo\u00a0Cornejo\u00a0de unificar las\u00a0elecciones provinciales con las nacionales\u00a0para el pr\u00f3ximo domingo 26 de octubre, este martes se public\u00f3 el decreto en el Bolet\u00edn Oficial de Mendoza. &#8220;Cel\u00e9brense las elecciones provinciales en forma concurrente con las elecciones nacionales, en la misma fecha, 26 de octubre de 2025&#8221;, expresa el documento que lleva la [&hellip;]<\/p>\n","protected":false},"author":2,"featured_media":13938,"comment_status":"open","ping_status":"open","sticky":false,"template":"","format":"standard","meta":[],"categories":[47],"tags":[],"_links":{"self":[{"href":"https:\/\/pasaenmendoza.com\/index.php?rest_route=\/wp\/v2\/posts\/13937"}],"collection":[{"href":"https:\/\/pasaenmendoza.com\/index.php?rest_route=\/wp\/v2\/posts"}],"about":[{"href":"https:\/\/pasaenmendoza.com\/index.php?rest_route=\/wp\/v2\/types\/post"}],"author":[{"embeddable":true,"href":"https:\/\/pasaenmendoza.com\/index.php?rest_route=\/wp\/v2\/users\/2"}],"replies":[{"embeddable":true,"href":"https:\/\/pasaenmendoza.com\/index.php?rest_route=%2Fwp%2Fv2%2Fcomments&post=13937"}],"version-history":[{"count":1,"href":"https:\/\/pasaenmendoza.com\/index.php?rest_route=\/wp\/v2\/posts\/13937\/revisions"}],"predecessor-version":[{"id":13939,"href":"https:\/\/pasaenmendoza.com\/index.php?rest_route=\/wp\/v2\/posts\/13937\/revisions\/13939"}],"wp:featuredmedia":[{"embeddable":true,"href":"https:\/\/pasaenmendoza.com\/index.php?rest_route=\/wp\/v2\/media\/13938"}],"wp:attachment":[{"href":"https:\/\/pasaenmendoza.com\/index.php?rest_route=%2Fwp%2Fv2%2Fmedia&parent=13937"}],"wp:term":[{"taxonomy":"category","embeddable":true,"href":"https:\/\/pasaenmendoza.com\/index.php?rest_route=%2Fwp%2Fv2%2Fcategories&post=13937"},{"taxonomy":"post_tag","embeddable":true,"href":"https:\/\/pasaenmendoza.com\/index.php?rest_route=%2Fwp%2Fv2%2Ftags&post=13937"}],"curies":[{"name":"wp","href":"https:\/\/api.w.org\/{rel}","templated":true}]}}