{"id":13940,"date":"2025-07-16T00:09:10","date_gmt":"2025-07-15T22:09:10","guid":{"rendered":"https:\/\/pasaenmendoza.com\/?p=13940"},"modified":"2025-07-16T00:40:11","modified_gmt":"2025-07-15T22:40:11","slug":"seguridad-nombraron-a-mas-de-300-policias-y-entregaron-200-vehiculos-600-armas-y-3-mil-chalecos-a-la-fuerza","status":"publish","type":"post","link":"https:\/\/pasaenmendoza.com\/?p=13940","title":{"rendered":"Seguridad: nombraron a m\u00e1s de 300 polic\u00edas y entregaron 200 veh\u00edculos, 600 armas y 3 mil chalecos a la fuerza"},"content":{"rendered":"\n<p>En un acto realizado en la Base C\u00f3ndor de Las Heras, el&nbsp;gobernador Alfredo Cornejo&nbsp;y la ministra de&nbsp;Seguridad&nbsp;y Justicia,<strong>&nbsp;Mercedes Rus<\/strong>, presentaron una fuerte inversi\u00f3n para fortalecer a la polic\u00eda de Mendoza.<\/p>\n\n\n\n<p>La jornada incluy\u00f3 la incorporaci\u00f3n de&nbsp;<strong>344 nuevos polic\u00edas y la entrega de 226 veh\u00edculos (entre autos, motos y camionetas), 680 armas, 3000 chalecos antibalas<\/strong>. Tambi\u00e9n se despleg\u00f3 parte del equipamiento tecnol\u00f3gico que se ha ido sumando para las tareas de patrullaje que realizan las fuerzas de seguridad.<\/p>\n\n\n\n<p>Esta incorporaci\u00f3n forma parte de una inversi\u00f3n hist\u00f3rica, de&nbsp;<strong>m\u00e1s de $22.000 millones<\/strong>, que el Ministerio de Seguridad y Justicia ejecuta este a\u00f1o en bienes de capital, informaron desde el Gobierno. Ya ha sido utilizado el presupuesto en un 92%, detallaron.<\/p>\n\n\n\n<p>El detalle de los recursos incluye&nbsp;<strong>50 camionetas&nbsp;<\/strong>(de las cuales 6 son de primera intervenci\u00f3n para equipar al cuerpo de Bomberos),&nbsp;<strong>127 autos, 17 furgones para traslados de detenidos y tropa, 13 motos de alta cilindrada para UMAR y 13 unidades para la&nbsp;Polic\u00eda&nbsp;Vial.<\/strong>&nbsp;Tambi\u00e9n se incorporar\u00e1n&nbsp;<strong>3 autobombas<\/strong>&nbsp;para la unidad de respuesta ante incendios y 3 morgueras.<\/p>\n\n\n\n<p>En el \u00e1rea de armamento y protecci\u00f3n, se sumaron&nbsp;<strong>3000 chalecos antibalas<\/strong>&nbsp;<strong>con Resistencia Bal\u00edstica Nivel 3 (RB3),<\/strong>&nbsp;<strong>500 pistolas Bersa, 50 escopetas de la misma marca y 130 pistolas Taser<\/strong>. Estas \u00faltimas forman parte de la compra m\u00e1s grande en la historia de la provincia en este tipo de dispositivos. Incluyen cartuchos de corta y larga distancia y ser\u00e1n distribuidas progresivamente, bajo un estricto esquema de capacitaci\u00f3n y protocolos de uso entre los miembros de las fuerzas.<\/p>\n\n\n\n<p>Adem\u00e1s, en el lugar se llev\u00f3 adelante una muestra del equipamiento tecnol\u00f3gico que se ha ido adquiriendo a lo largo de este 2025. Se trata de&nbsp;<strong>200 soluciones de videovigilancia&nbsp;<\/strong>para patrulleros,<strong>&nbsp;1000 equipos Tetra<\/strong>, (entre port\u00e1tiles y destinados a los patrulleros),&nbsp;<strong>100 biom\u00e9tricos dactilares y 2 nuevas herramientas destinadas al an\u00e1lisis forense digital<\/strong>&nbsp;en dispositivos iOS y Android.<\/p>\n\n\n\n<p>Estos \u00faltimos est\u00e1n destinados a tareas investigativas que permiten extraer, leer y presentar evidencia de manera eficaz, lo que representa un aporte clave para el an\u00e1lisis de pruebas y su posterior incorporaci\u00f3n en procesos judiciales.<\/p>\n\n\n\n<h2 class=\"wp-block-heading\">M\u00e1s polic\u00edas en las calles<\/h2>\n\n\n\n<p>Durante la actividad, se present\u00f3 a 344 nuevos agentes que se suman a la Polic\u00eda de Mendoza. Todos ellos superaron un exigente proceso de selecci\u00f3n. Esta incorporaci\u00f3n refuerza el despliegue territorial de la fuerza, y consolida el objetivo de profesionalizar al recurso humano como parte central del sistema de seguridad, sostuvieron desde la cartera que conduce Rus.<\/p>\n\n\n\n<p>En paralelo, el Gobierno contin\u00faa con la implementaci\u00f3n de una beca universal para aspirantes a polic\u00edas y penitenciarios, que busca acompa\u00f1ar la formaci\u00f3n inicial de quienes eligen una de las profesiones m\u00e1s comprometidas con el bienestar social. Desde noviembre de 2024, el monto asciende a $200.000 y se prev\u00e9 su actualizaci\u00f3n a $350.000 en breve.<\/p>\n\n\n\n<p>La ayuda econ\u00f3mica est\u00e1 destinada a cubrir gastos de transporte, material de estudio, refrigerios y herramientas de cursado. Esta pol\u00edtica tiene por objetivo fortalecer la permanencia, reconocer el esfuerzo y mejorar las condiciones de acceso a la formaci\u00f3n, afirmaron desde el ministerio.<\/p>\n\n\n\n<p><strong>Fuente: www.losandes.com.ar<\/strong><\/p>\n","protected":false},"excerpt":{"rendered":"<p>En un acto realizado en la Base C\u00f3ndor de Las Heras, el&nbsp;gobernador Alfredo Cornejo&nbsp;y la ministra de&nbsp;Seguridad&nbsp;y Justicia,&nbsp;Mercedes Rus, presentaron una fuerte inversi\u00f3n para fortalecer a la polic\u00eda de Mendoza. La jornada incluy\u00f3 la incorporaci\u00f3n de&nbsp;344 nuevos polic\u00edas y la entrega de 226 veh\u00edculos (entre autos, motos y camionetas), 680 armas, 3000 chalecos antibalas. Tambi\u00e9n [&hellip;]<\/p>\n","protected":false},"author":2,"featured_media":13941,"comment_status":"open","ping_status":"open","sticky":false,"template":"","format":"standard","meta":[],"categories":[96],"tags":[],"_links":{"self":[{"href":"https:\/\/pasaenmendoza.com\/index.php?rest_route=\/wp\/v2\/posts\/13940"}],"collection":[{"href":"https:\/\/pasaenmendoza.com\/index.php?rest_route=\/wp\/v2\/posts"}],"about":[{"href":"https:\/\/pasaenmendoza.com\/index.php?rest_route=\/wp\/v2\/types\/post"}],"author":[{"embeddable":true,"href":"https:\/\/pasaenmendoza.com\/index.php?rest_route=\/wp\/v2\/users\/2"}],"replies":[{"embeddable":true,"href":"https:\/\/pasaenmendoza.com\/index.php?rest_route=%2Fwp%2Fv2%2Fcomments&post=13940"}],"version-history":[{"count":2,"href":"https:\/\/pasaenmendoza.com\/index.php?rest_route=\/wp\/v2\/posts\/13940\/revisions"}],"predecessor-version":[{"id":13952,"href":"https:\/\/pasaenmendoza.com\/index.php?rest_route=\/wp\/v2\/posts\/13940\/revisions\/13952"}],"wp:featuredmedia":[{"embeddable":true,"href":"https:\/\/pasaenmendoza.com\/index.php?rest_route=\/wp\/v2\/media\/13941"}],"wp:attachment":[{"href":"https:\/\/pasaenmendoza.com\/index.php?rest_route=%2Fwp%2Fv2%2Fmedia&parent=13940"}],"wp:term":[{"taxonomy":"category","embeddable":true,"href":"https:\/\/pasaenmendoza.com\/index.php?rest_route=%2Fwp%2Fv2%2Fcategories&post=13940"},{"taxonomy":"post_tag","embeddable":true,"href":"https:\/\/pasaenmendoza.com\/index.php?rest_route=%2Fwp%2Fv2%2Ftags&post=13940"}],"curies":[{"name":"wp","href":"https:\/\/api.w.org\/{rel}","templated":true}]}}