{"id":13943,"date":"2025-07-16T00:15:47","date_gmt":"2025-07-15T22:15:47","guid":{"rendered":"https:\/\/pasaenmendoza.com\/?p=13943"},"modified":"2025-07-16T00:15:48","modified_gmt":"2025-07-15T22:15:48","slug":"despues-de-la-polemica-habla-el-padre-de-la-virgen-de-rivadavia","status":"publish","type":"post","link":"https:\/\/pasaenmendoza.com\/?p=13943","title":{"rendered":"Despu\u00e9s de la pol\u00e9mica, habla el &#8220;padre&#8221; de la Virgen de Rivadavia"},"content":{"rendered":"\n<p>Despu\u00e9s de algunas pol\u00e9micas por la construcci\u00f3n del\u00a0<strong>monumento gigante a la Santa Madre<\/strong>, en el futuro nuevo ingreso a la<strong>\u00a0ciudad de\u00a0Rivadavia,<\/strong>\u00a0el\u00a0<strong>escultor que realizar\u00e1 la obra cont\u00f3 detalles del trabajo<\/strong>, entre ellos que el monumento completo<strong>\u00a0medir\u00e1 casi diez metros de altura y pesar\u00e1 unas 60 toneladas.<\/strong><\/p>\n\n\n\n<p><strong>Daniel Jim\u00e9nez (58)<\/strong>&nbsp;es sanmartiniano y uno de los escultores m\u00e1s prol\u00edficos de los \u00faltimos 20 a\u00f1os. Por capacidad o por estrategia es, desde hace a\u00f1os, uno de los artistas preferidos de los gobiernos mendocinos, Provincia y municipios, para hacer sus esculturas, m\u00e1s all\u00e1 de colores pol\u00edticos.<\/p>\n\n\n\n<p>Pese a que el tiempo y los nombres de la dirigencia pol\u00edtica han ido cambiando, Jim\u00e9nez hoy sigue siendo el preferido y eso se confirm\u00f3 cuando se supo que\u00a0<strong>ser\u00e1 el encargado de modelar y levantar las 60 toneladas de hormig\u00f3n armado que le dar\u00e1n forma a la Santa Madre<\/strong>,\u00a0<strong>la gigantesca\u00a0escultura<\/strong>\u00a0que se levantar\u00e1 en<strong>\u00a0la rotonda de Doble V\u00eda y calle Falucho, en el nuevo principal ingreso a la ciudad cabecera del departamento de Rivadavia.<\/strong><\/p>\n\n\n\n<p>En principio se despeg\u00f3 de todas las pol\u00e9micas que se hab\u00edan generado cuando se conoci\u00f3 el proyecto, tanto en lo referido a si correspond\u00eda que fuera una imagen religiosa como si se debe realizar esa inversi\u00f3n.\u00a0<strong>&#8220;Lo importante es la obra art\u00edstica en si&#8221;<\/strong>, dijo el escultor, m\u00e1s all\u00e1 de que sostuvo que ya hay consenso en la comunidad para levantar esa imagen y tambi\u00e9n subray\u00f3 que el costo de la obra\u00a0<strong>($70 millones en total, repartidos entre el proyecto, los profesionales intervinientes, los materiales y dem\u00e1s gastos)<\/strong>\u00a0ser\u00e1 afrontado\u00a0<strong>con fondos particulares, sin participaci\u00f3n del Estado.<\/strong><\/p>\n\n\n\n<h2 class=\"wp-block-heading\">Comienza en una semana<\/h2>\n\n\n\n<p>&#8220;La obra tiene la validaci\u00f3n de&nbsp;<strong>Vialidad Provincial y de la Municipalidad de Rivadavia<\/strong>, que dieron el visto bueno pero que no ponen ni un peso en esto y solo aprueban la obra&#8221;, advirti\u00f3 el artista, al tiempo que confirm\u00f3 que, &#8220;si todo avanza como est\u00e1 planeado,&nbsp;<strong>comienzo a trabajar en esto la semana que viene<\/strong>&#8220;.<\/p>\n\n\n\n<p>Adem\u00e1s, resalt\u00f3 que la enorme escultura &#8220;fue aprobada por unanimidad por una asamblea de la Cooperativa El\u00e9ctrica de Rivadavia (principal promotora del proyecto) y en la Iglesia reuni\u00f3 miles de firmas abalando la idea&#8221;.<\/p>\n\n\n\n<p>Daniel Jim\u00e9nez reconoci\u00f3 que<strong>\u00a0la idea de construir semejante escultura en esa rotonda &#8220;fue m\u00eda&#8221;\u00a0<\/strong>y que surgi\u00f3 despu\u00e9s de que la Cooperativa lo contactara para que hiciera una escultura de\u00a0<strong>una\u00a0virgen\u00a0en la plaza de un barrio<\/strong>\u00a0de Rivadavia, pero mucho m\u00e1s chica. &#8220;Era una escultura chica. Pero cuando \u00edbamos por la calle Falucho y vi la rotonda le dije a\u00a0<strong>Javier Fornasari (presidente de la Cooperativa): \u00b4\u00a1Ac\u00e1 es el lugar! \u00a1Ac\u00e1 la tenemos que hacer y mucho m\u00e1s grande!\u00b4&#8221;.<\/strong><\/p>\n\n\n\n<h2 class=\"wp-block-heading\">Entre los m\u00e1s grandes de Mendoza<\/h2>\n\n\n\n<p>Despu\u00e9s de la<strong>&nbsp;Virgen de Guaymall\u00e9n y del Cristo de los Cerrillos,<\/strong>&nbsp;el monumento a la&nbsp;<strong>Santa Madre, de Rivadavia,<\/strong>&nbsp;ser\u00e1 el tercero m\u00e1s grande, en volumen y altura, de la provincia de Mendoza.<\/p>\n\n\n\n<p>Tiene un total de 9 metros y medio de altura. Seis son de la escultura en si misma y los otros tres y medio de base, que ser\u00e1 ejecutada por la&nbsp;<strong>empresa Candeloro<\/strong>, que es la constructora de esta primera etapa de la Doble V\u00eda.<\/p>\n\n\n\n<p><strong>&#8220;La escultura ser\u00e1n 60 toneladas de hormig\u00f3n armado, dividida en seis bloques, que realizar\u00e9 en mi taller y que ser\u00e1n trasladados con gr\u00faas y camiones hasta la rotonda y encastrados en un eje principal&#8221;<\/strong>, explic\u00f3 el artista.<\/p>\n\n\n\n<p>Jim\u00e9nez sostuvo que la escultura tiene un dise\u00f1o&nbsp;<strong>&#8220;semiabstracto, minimalista, con un criterio moderno<\/strong>, que a todos les encant\u00f3, incluso al<strong>&nbsp;Arzobispado<\/strong>&#8220;.<\/p>\n\n\n\n<p>Adem\u00e1s advirti\u00f3 que la rotonda y el monumento no necesitar\u00e1 mantenimiento, ya en el suelo se colocar\u00e1n plantas aut\u00f3ctonas que no necesitan riego ni mantenimiento.<\/p>\n\n\n\n<h2 class=\"wp-block-heading\">El plan es el 8 de diciembre<\/h2>\n\n\n\n<p>Daniel Jim\u00e9nez prefiri\u00f3 que a la obra&nbsp;<strong>&#8220;no le pongamos nombre&#8221;<\/strong>. Dijo que propone que sea &#8220;un homenaje a la madre, a la mujer y, para el que as\u00ed lo sienta, a la Virgen como madre de todos&#8221;.<\/p>\n\n\n\n<p>El artista afirm\u00f3 que &#8220;si todo se cumple como est\u00e1 planeado, comenzar\u00e9 a trabajar la semana que viene y en cuatro o cinco meses deber\u00eda estar lista&#8221; y acot\u00f3 que&nbsp;<strong>&#8220;la idea es que podamos inaugurarla el 8 de diciembre<\/strong>, dentro de lo posible&#8221;.<\/p>\n\n\n\n<p>Tambi\u00e9n es pr\u00e1cticamente un hecho que, a medida que se vayan construyendo las rotondas de la Doble V\u00eda (ya hay dos y son cuatro, en total), en cada una se levantar\u00e1 alguna gran escultura.\u00a0<strong>En la rotonda de Doble V\u00eda y Carril ruta 60, en Jun\u00edn, posiblemente se levante una imagen a la mujer vi\u00f1atera.<\/strong><\/p>\n\n\n\n<p><strong>Fuente: www.losandes.com.ar<\/strong><\/p>\n","protected":false},"excerpt":{"rendered":"<p>Despu\u00e9s de algunas pol\u00e9micas por la construcci\u00f3n del\u00a0monumento gigante a la Santa Madre, en el futuro nuevo ingreso a la\u00a0ciudad de\u00a0Rivadavia,\u00a0el\u00a0escultor que realizar\u00e1 la obra cont\u00f3 detalles del trabajo, entre ellos que el monumento completo\u00a0medir\u00e1 casi diez metros de altura y pesar\u00e1 unas 60 toneladas. Daniel Jim\u00e9nez (58)&nbsp;es sanmartiniano y uno de los escultores m\u00e1s [&hellip;]<\/p>\n","protected":false},"author":2,"featured_media":13944,"comment_status":"open","ping_status":"open","sticky":false,"template":"","format":"standard","meta":[],"categories":[50],"tags":[],"_links":{"self":[{"href":"https:\/\/pasaenmendoza.com\/index.php?rest_route=\/wp\/v2\/posts\/13943"}],"collection":[{"href":"https:\/\/pasaenmendoza.com\/index.php?rest_route=\/wp\/v2\/posts"}],"about":[{"href":"https:\/\/pasaenmendoza.com\/index.php?rest_route=\/wp\/v2\/types\/post"}],"author":[{"embeddable":true,"href":"https:\/\/pasaenmendoza.com\/index.php?rest_route=\/wp\/v2\/users\/2"}],"replies":[{"embeddable":true,"href":"https:\/\/pasaenmendoza.com\/index.php?rest_route=%2Fwp%2Fv2%2Fcomments&post=13943"}],"version-history":[{"count":1,"href":"https:\/\/pasaenmendoza.com\/index.php?rest_route=\/wp\/v2\/posts\/13943\/revisions"}],"predecessor-version":[{"id":13945,"href":"https:\/\/pasaenmendoza.com\/index.php?rest_route=\/wp\/v2\/posts\/13943\/revisions\/13945"}],"wp:featuredmedia":[{"embeddable":true,"href":"https:\/\/pasaenmendoza.com\/index.php?rest_route=\/wp\/v2\/media\/13944"}],"wp:attachment":[{"href":"https:\/\/pasaenmendoza.com\/index.php?rest_route=%2Fwp%2Fv2%2Fmedia&parent=13943"}],"wp:term":[{"taxonomy":"category","embeddable":true,"href":"https:\/\/pasaenmendoza.com\/index.php?rest_route=%2Fwp%2Fv2%2Fcategories&post=13943"},{"taxonomy":"post_tag","embeddable":true,"href":"https:\/\/pasaenmendoza.com\/index.php?rest_route=%2Fwp%2Fv2%2Ftags&post=13943"}],"curies":[{"name":"wp","href":"https:\/\/api.w.org\/{rel}","templated":true}]}}