{"id":13949,"date":"2025-07-16T00:39:34","date_gmt":"2025-07-15T22:39:34","guid":{"rendered":"https:\/\/pasaenmendoza.com\/?p=13949"},"modified":"2025-07-16T00:39:35","modified_gmt":"2025-07-15T22:39:35","slug":"que-beneficios-clave-tiene-la-ultima-propuesta-salarial-que-acepto-ampros","status":"publish","type":"post","link":"https:\/\/pasaenmendoza.com\/?p=13949","title":{"rendered":"Qu\u00e9 beneficios clave tiene la \u00faltima propuesta salarial que acept\u00f3 Ampros"},"content":{"rendered":"\n<p>Durante una reuni\u00f3n paritaria celebrada este\u00a0<strong>martes 15 de julio<\/strong>, representantes del\u00a0<strong>Gobierno de Mendoza<\/strong>\u00a0y referentes de\u00a0<strong>Ampros<\/strong>\u00a0alcanzaron un\u00a0<strong>acuerdo salarial<\/strong>\u00a0que regir\u00e1 para lo que resta de\u00a0<strong>2025<\/strong>. El entendimiento contempla un\u00a0<strong>incremento al b\u00e1sico del 4% en julio<\/strong>,\u00a0<strong>3% en septiembre<\/strong>\u00a0y\u00a0<strong>3% en noviembre<\/strong>.<\/p>\n\n\n\n<p>Uno de los puntos centrales del acuerdo es la&nbsp;<strong>eliminaci\u00f3n del Adicional 3422<\/strong>&nbsp;(Decreto 2585\/2007), que ser\u00e1&nbsp;<strong>incorporado al b\u00e1sico de revista<\/strong>&nbsp;a partir del&nbsp;<strong>1 de julio<\/strong>. Adem\u00e1s, se acord\u00f3 una&nbsp;<strong>modificaci\u00f3n del Suplemento Especialidad Profesional Salud<\/strong>, aunque no se detallaron los porcentajes espec\u00edficos.<\/p>\n\n\n\n<p>Con esta firma, ya son\u00a0<strong>seis los sectores<\/strong>\u00a0de la Administraci\u00f3n P\u00fablica que aceptaron la oferta oficial, entre ellos:\u00a0<strong>Vialidad (Sitravi)<\/strong>,\u00a0<strong>SUTE<\/strong>,\u00a0<strong>Funcionarios Judiciales<\/strong>,\u00a0<strong>Fiscal\u00eda de Estado<\/strong>,\u00a0<strong>Tribunal de Cuentas (APOC)<\/strong>\u00a0y ahora,\u00a0<strong>Ampros<\/strong>.<\/p>\n\n\n\n<p><strong>Fuente: www.diariomendoza.com.ar<\/strong><\/p>\n","protected":false},"excerpt":{"rendered":"<p>Durante una reuni\u00f3n paritaria celebrada este\u00a0martes 15 de julio, representantes del\u00a0Gobierno de Mendoza\u00a0y referentes de\u00a0Ampros\u00a0alcanzaron un\u00a0acuerdo salarial\u00a0que regir\u00e1 para lo que resta de\u00a02025. El entendimiento contempla un\u00a0incremento al b\u00e1sico del 4% en julio,\u00a03% en septiembre\u00a0y\u00a03% en noviembre. Uno de los puntos centrales del acuerdo es la&nbsp;eliminaci\u00f3n del Adicional 3422&nbsp;(Decreto 2585\/2007), que ser\u00e1&nbsp;incorporado al b\u00e1sico de [&hellip;]<\/p>\n","protected":false},"author":2,"featured_media":13950,"comment_status":"open","ping_status":"open","sticky":false,"template":"","format":"standard","meta":[],"categories":[55],"tags":[],"_links":{"self":[{"href":"https:\/\/pasaenmendoza.com\/index.php?rest_route=\/wp\/v2\/posts\/13949"}],"collection":[{"href":"https:\/\/pasaenmendoza.com\/index.php?rest_route=\/wp\/v2\/posts"}],"about":[{"href":"https:\/\/pasaenmendoza.com\/index.php?rest_route=\/wp\/v2\/types\/post"}],"author":[{"embeddable":true,"href":"https:\/\/pasaenmendoza.com\/index.php?rest_route=\/wp\/v2\/users\/2"}],"replies":[{"embeddable":true,"href":"https:\/\/pasaenmendoza.com\/index.php?rest_route=%2Fwp%2Fv2%2Fcomments&post=13949"}],"version-history":[{"count":1,"href":"https:\/\/pasaenmendoza.com\/index.php?rest_route=\/wp\/v2\/posts\/13949\/revisions"}],"predecessor-version":[{"id":13951,"href":"https:\/\/pasaenmendoza.com\/index.php?rest_route=\/wp\/v2\/posts\/13949\/revisions\/13951"}],"wp:featuredmedia":[{"embeddable":true,"href":"https:\/\/pasaenmendoza.com\/index.php?rest_route=\/wp\/v2\/media\/13950"}],"wp:attachment":[{"href":"https:\/\/pasaenmendoza.com\/index.php?rest_route=%2Fwp%2Fv2%2Fmedia&parent=13949"}],"wp:term":[{"taxonomy":"category","embeddable":true,"href":"https:\/\/pasaenmendoza.com\/index.php?rest_route=%2Fwp%2Fv2%2Fcategories&post=13949"},{"taxonomy":"post_tag","embeddable":true,"href":"https:\/\/pasaenmendoza.com\/index.php?rest_route=%2Fwp%2Fv2%2Ftags&post=13949"}],"curies":[{"name":"wp","href":"https:\/\/api.w.org\/{rel}","templated":true}]}}