{"id":1395,"date":"2023-09-12T16:03:50","date_gmt":"2023-09-12T14:03:50","guid":{"rendered":"https:\/\/pasaenmendoza.com\/?p=1395"},"modified":"2023-09-12T16:03:51","modified_gmt":"2023-09-12T14:03:51","slug":"el-millonario-aumento-que-recibiran-los-jueces-de-la-suprema-corte","status":"publish","type":"post","link":"https:\/\/pasaenmendoza.com\/?p=1395","title":{"rendered":"El millonario aumento que recibir\u00e1n los jueces de la Suprema Corte"},"content":{"rendered":"\n<p>A trav\u00e9s de una acordada, los jueces de la\u00a0<strong>Suprema Corte de Justicia (SCJM)\u00a0<\/strong>provincial convinieron este lunes un aumento de sueldo, que llev\u00f3 el b\u00e1sico a una cifra cercana a los dos millones de pesos. La decisi\u00f3n lleva la firma de\u00a0<strong>Dalmiro Garay<\/strong>, presidente del m\u00e1ximo tribunal, y los ministros<strong>\u00a0Julio G\u00f3mez<\/strong>\u00a0y\u00a0<strong>Omar Palermo<\/strong>.<\/p>\n\n\n\n<p>De esta forma, el sueldo b\u00e1sico de los ministros pas\u00f3 a&nbsp;<strong>1.743.986 pesos<\/strong>, sin tener en cuenta adicionales como antig\u00fcedad y, a su vez, considerando la excepci\u00f3n al pago de Ganancias en cinco de los siete casos. Se trata de casi 15 Salarios, M\u00ednimos, Vitales y M\u00f3viles (SMVyM), que en septiembre de 2023 se estableci\u00f3 en 118.000 pesos.<\/p>\n\n\n\n<p>El candidato a gobernador del Frente de Izquierda,\u00a0<strong>Lautaro Jim\u00e9nez<\/strong>, fue quien public\u00f3 la acordada a trav\u00e9s de sus redes. \u201cAs\u00ed cobran los jueces en Mendoza\u201d, inicia el mensaje.<\/p>\n\n\n\n<p>Seg\u00fan Jim\u00e9nez, los magistrados que \u201csuman antig\u00fcedad y no pagan ganancias, ya superan los 3 millones de pesos mensuales de bolsillo\u201d.<\/p>\n\n\n\n<p>Se debe agregar que los jueces de\u00a0<strong>Mendoza<\/strong>\u00a0cobran como adicional el 2% por cada a\u00f1o de antig\u00fcedad. De los siete ministros, solamente el presidente de la Corte, Dalmiro Garay, y la jueza\u00a0<strong>Mar\u00eda Teresa Day<\/strong>\u00a0pagan el impuesto a las ganancias por haber ingresado despu\u00e9s de 2017.<\/p>\n\n\n\n<p>Adem\u00e1s, por decreto, el sueldo de los magistrados mendocinos est\u00e1 \u201catado\u201d a los\u00a0<strong>aumentos\u00a0<\/strong>que se dispongan a nivel nacional. A partir del 1 de mayo de 2023, el monto pas\u00f3 a 1.599.987,27 pesos y en la \u00faltima actualizaci\u00f3n contemplada super\u00f3 el total de 1.743.986,12 pesos bajo los mismos criterios anteriormente expuestos.<\/p>\n\n\n\n<p><strong>Fuente: www.diariomendoza.com.ar<\/strong><\/p>\n","protected":false},"excerpt":{"rendered":"<p>A trav\u00e9s de una acordada, los jueces de la\u00a0Suprema Corte de Justicia (SCJM)\u00a0provincial convinieron este lunes un aumento de sueldo, que llev\u00f3 el b\u00e1sico a una cifra cercana a los dos millones de pesos. La decisi\u00f3n lleva la firma de\u00a0Dalmiro Garay, presidente del m\u00e1ximo tribunal, y los ministros\u00a0Julio G\u00f3mez\u00a0y\u00a0Omar Palermo. De esta forma, el sueldo [&hellip;]<\/p>\n","protected":false},"author":2,"featured_media":1399,"comment_status":"open","ping_status":"open","sticky":false,"template":"","format":"standard","meta":[],"categories":[50],"tags":[],"_links":{"self":[{"href":"https:\/\/pasaenmendoza.com\/index.php?rest_route=\/wp\/v2\/posts\/1395"}],"collection":[{"href":"https:\/\/pasaenmendoza.com\/index.php?rest_route=\/wp\/v2\/posts"}],"about":[{"href":"https:\/\/pasaenmendoza.com\/index.php?rest_route=\/wp\/v2\/types\/post"}],"author":[{"embeddable":true,"href":"https:\/\/pasaenmendoza.com\/index.php?rest_route=\/wp\/v2\/users\/2"}],"replies":[{"embeddable":true,"href":"https:\/\/pasaenmendoza.com\/index.php?rest_route=%2Fwp%2Fv2%2Fcomments&post=1395"}],"version-history":[{"count":1,"href":"https:\/\/pasaenmendoza.com\/index.php?rest_route=\/wp\/v2\/posts\/1395\/revisions"}],"predecessor-version":[{"id":1400,"href":"https:\/\/pasaenmendoza.com\/index.php?rest_route=\/wp\/v2\/posts\/1395\/revisions\/1400"}],"wp:featuredmedia":[{"embeddable":true,"href":"https:\/\/pasaenmendoza.com\/index.php?rest_route=\/wp\/v2\/media\/1399"}],"wp:attachment":[{"href":"https:\/\/pasaenmendoza.com\/index.php?rest_route=%2Fwp%2Fv2%2Fmedia&parent=1395"}],"wp:term":[{"taxonomy":"category","embeddable":true,"href":"https:\/\/pasaenmendoza.com\/index.php?rest_route=%2Fwp%2Fv2%2Fcategories&post=1395"},{"taxonomy":"post_tag","embeddable":true,"href":"https:\/\/pasaenmendoza.com\/index.php?rest_route=%2Fwp%2Fv2%2Ftags&post=1395"}],"curies":[{"name":"wp","href":"https:\/\/api.w.org\/{rel}","templated":true}]}}