{"id":13953,"date":"2025-07-16T16:12:43","date_gmt":"2025-07-16T14:12:43","guid":{"rendered":"https:\/\/pasaenmendoza.com\/?p=13953"},"modified":"2025-07-16T16:12:44","modified_gmt":"2025-07-16T14:12:44","slug":"el-tiempo-en-mendoza-para-este-miercoles-frio-con-neblinas-y-nevadas-en-cordillera","status":"publish","type":"post","link":"https:\/\/pasaenmendoza.com\/?p=13953","title":{"rendered":"El tiempo en Mendoza para este mi\u00e9rcoles: fr\u00edo, con neblinas y nevadas en cordillera"},"content":{"rendered":"\n<p>La&nbsp;<strong>temperatura m\u00e1xima para este mi\u00e9rcoles ser\u00e1 de 14 grados cent\u00edgrados<\/strong>, mientras que&nbsp;<strong>la m\u00ednima apenas ser\u00e1 de 5 grados cent\u00edgrados.<\/strong><\/p>\n\n\n\n<p>La Direcci\u00f3n de Contingencias Clim\u00e1ticas pronostic\u00f3 que estar\u00e1 \u201c<em>parcialmente nublado y frio con descenso de la temperatura, vientos moderados del noreste<\/em>\u201c.<\/p>\n\n\n\n<p>Atenci\u00f3n para los conductores de la primera hora, porque se esperan \u201c<em>nieblas y neblinas matinales<\/em>\u201c.<\/p>\n\n\n\n<p>El tiempo en la alta monta\u00f1a desmejor\u00f3: \u201c<em>Nevadas en cordillera<\/em>\u201c.<\/p>\n\n\n\n<p>Mejoran las condiciones meteorol\u00f3gicas en la tarde.<\/p>\n\n\n\n<p><strong>Fuente: www.elsol.com.ar<\/strong><\/p>\n","protected":false},"excerpt":{"rendered":"<p>La&nbsp;temperatura m\u00e1xima para este mi\u00e9rcoles ser\u00e1 de 14 grados cent\u00edgrados, mientras que&nbsp;la m\u00ednima apenas ser\u00e1 de 5 grados cent\u00edgrados. La Direcci\u00f3n de Contingencias Clim\u00e1ticas pronostic\u00f3 que estar\u00e1 \u201cparcialmente nublado y frio con descenso de la temperatura, vientos moderados del noreste\u201c. Atenci\u00f3n para los conductores de la primera hora, porque se esperan \u201cnieblas y neblinas matinales\u201c. [&hellip;]<\/p>\n","protected":false},"author":2,"featured_media":13954,"comment_status":"open","ping_status":"open","sticky":false,"template":"","format":"standard","meta":[],"categories":[52],"tags":[],"_links":{"self":[{"href":"https:\/\/pasaenmendoza.com\/index.php?rest_route=\/wp\/v2\/posts\/13953"}],"collection":[{"href":"https:\/\/pasaenmendoza.com\/index.php?rest_route=\/wp\/v2\/posts"}],"about":[{"href":"https:\/\/pasaenmendoza.com\/index.php?rest_route=\/wp\/v2\/types\/post"}],"author":[{"embeddable":true,"href":"https:\/\/pasaenmendoza.com\/index.php?rest_route=\/wp\/v2\/users\/2"}],"replies":[{"embeddable":true,"href":"https:\/\/pasaenmendoza.com\/index.php?rest_route=%2Fwp%2Fv2%2Fcomments&post=13953"}],"version-history":[{"count":1,"href":"https:\/\/pasaenmendoza.com\/index.php?rest_route=\/wp\/v2\/posts\/13953\/revisions"}],"predecessor-version":[{"id":13955,"href":"https:\/\/pasaenmendoza.com\/index.php?rest_route=\/wp\/v2\/posts\/13953\/revisions\/13955"}],"wp:featuredmedia":[{"embeddable":true,"href":"https:\/\/pasaenmendoza.com\/index.php?rest_route=\/wp\/v2\/media\/13954"}],"wp:attachment":[{"href":"https:\/\/pasaenmendoza.com\/index.php?rest_route=%2Fwp%2Fv2%2Fmedia&parent=13953"}],"wp:term":[{"taxonomy":"category","embeddable":true,"href":"https:\/\/pasaenmendoza.com\/index.php?rest_route=%2Fwp%2Fv2%2Fcategories&post=13953"},{"taxonomy":"post_tag","embeddable":true,"href":"https:\/\/pasaenmendoza.com\/index.php?rest_route=%2Fwp%2Fv2%2Ftags&post=13953"}],"curies":[{"name":"wp","href":"https:\/\/api.w.org\/{rel}","templated":true}]}}