{"id":13956,"date":"2025-07-16T16:21:54","date_gmt":"2025-07-16T14:21:54","guid":{"rendered":"https:\/\/pasaenmendoza.com\/?p=13956"},"modified":"2025-07-16T16:21:55","modified_gmt":"2025-07-16T14:21:55","slug":"un-chico-de-14-anos-fue-atropellado-en-el-acceso-este-y-perdio-una-pierna","status":"publish","type":"post","link":"https:\/\/pasaenmendoza.com\/?p=13956","title":{"rendered":"Un chico de 14 a\u00f1os fue atropellado en el Acceso Este y perdi\u00f3 una pierna"},"content":{"rendered":"\n<p>Durante la madrugada de este mi\u00e9rcoles, se produjo un grave accidente vial donde un<strong>&nbsp;joven menor de edad sufri\u00f3 la amputaci\u00f3n de una de sus piernas tras haber sido atropellado por un auto en el Acceso Este<\/strong>.<\/p>\n\n\n\n<p>Seg\u00fan informaron fuentes policiales, el grave hecho sucedi\u00f3 a las 01:30 horas a la altura de la&nbsp;<strong>calle Estrada<\/strong>&nbsp;dentro del departamento de Guaymall\u00e9n.&nbsp;<\/p>\n\n\n\n<p>El adolescente de<strong>\u00a014 a\u00f1os<\/strong>\u00a0estaba junto a 4 amigos, tambi\u00e9n j\u00f3venes, quienes intentaron cruzar imprudentemente al medio de la ruta hasta que un\u00a0<strong>Ford Focus de color blanco,\u00a0<\/strong>que era conducido por un joven de\u00a0<strong>20 a\u00f1os<\/strong>, intent\u00f3 esquivarlos pero impact\u00f3 a uno de ellos con el costado izquierdo delantero de su veh\u00edculo.<\/p>\n\n\n\n<p>Personal del<strong>&nbsp;Servicio de Emergencias Coordinado (SEC)<\/strong>&nbsp;lleg\u00f3 r\u00e1pidamente al lugar para asistir al chico herido, quien presentaba heridas de gravedad al ser diagnosticado con&nbsp;<strong><em>&#8220;desmembramiento miembro inferior derecho a la altura de la rodilla&#8221;<\/em>.<\/strong>&nbsp;Luego de que lo estabilizaron, dispusieron su traslado al&nbsp;<strong>Hospital Ped\u00edatrico Humberto Notti,&nbsp;<\/strong>donde debieron amputarle el miembro. Hasta el momento contin\u00faa internado.<\/p>\n\n\n\n<p>Mientras tanto,<strong>\u00a0el rodado fue secuestrado<\/strong>\u00a0y el conductor de\u00a0este veh\u00edculo\u00a0<strong>fue detenido\u00a0<\/strong>por \u00f3rdenes de la Oficina Fiscal que ha intervenido en el caso.<\/p>\n\n\n\n<p><strong>Fuente: www.mendozapost.com<\/strong><\/p>\n","protected":false},"excerpt":{"rendered":"<p>Durante la madrugada de este mi\u00e9rcoles, se produjo un grave accidente vial donde un&nbsp;joven menor de edad sufri\u00f3 la amputaci\u00f3n de una de sus piernas tras haber sido atropellado por un auto en el Acceso Este. Seg\u00fan informaron fuentes policiales, el grave hecho sucedi\u00f3 a las 01:30 horas a la altura de la&nbsp;calle Estrada&nbsp;dentro del [&hellip;]<\/p>\n","protected":false},"author":2,"featured_media":13957,"comment_status":"open","ping_status":"open","sticky":false,"template":"","format":"standard","meta":[],"categories":[48],"tags":[],"_links":{"self":[{"href":"https:\/\/pasaenmendoza.com\/index.php?rest_route=\/wp\/v2\/posts\/13956"}],"collection":[{"href":"https:\/\/pasaenmendoza.com\/index.php?rest_route=\/wp\/v2\/posts"}],"about":[{"href":"https:\/\/pasaenmendoza.com\/index.php?rest_route=\/wp\/v2\/types\/post"}],"author":[{"embeddable":true,"href":"https:\/\/pasaenmendoza.com\/index.php?rest_route=\/wp\/v2\/users\/2"}],"replies":[{"embeddable":true,"href":"https:\/\/pasaenmendoza.com\/index.php?rest_route=%2Fwp%2Fv2%2Fcomments&post=13956"}],"version-history":[{"count":1,"href":"https:\/\/pasaenmendoza.com\/index.php?rest_route=\/wp\/v2\/posts\/13956\/revisions"}],"predecessor-version":[{"id":13958,"href":"https:\/\/pasaenmendoza.com\/index.php?rest_route=\/wp\/v2\/posts\/13956\/revisions\/13958"}],"wp:featuredmedia":[{"embeddable":true,"href":"https:\/\/pasaenmendoza.com\/index.php?rest_route=\/wp\/v2\/media\/13957"}],"wp:attachment":[{"href":"https:\/\/pasaenmendoza.com\/index.php?rest_route=%2Fwp%2Fv2%2Fmedia&parent=13956"}],"wp:term":[{"taxonomy":"category","embeddable":true,"href":"https:\/\/pasaenmendoza.com\/index.php?rest_route=%2Fwp%2Fv2%2Fcategories&post=13956"},{"taxonomy":"post_tag","embeddable":true,"href":"https:\/\/pasaenmendoza.com\/index.php?rest_route=%2Fwp%2Fv2%2Ftags&post=13956"}],"curies":[{"name":"wp","href":"https:\/\/api.w.org\/{rel}","templated":true}]}}