{"id":13963,"date":"2025-07-16T16:39:04","date_gmt":"2025-07-16T14:39:04","guid":{"rendered":"https:\/\/pasaenmendoza.com\/?p=13963"},"modified":"2025-07-16T16:39:05","modified_gmt":"2025-07-16T14:39:05","slug":"cinco-intendentes-de-mendoza-ya-convocaron-a-elecciones-unificadas-con-provincia-y-nacion","status":"publish","type":"post","link":"https:\/\/pasaenmendoza.com\/?p=13963","title":{"rendered":"Cinco intendentes de Mendoza ya convocaron a elecciones unificadas con Provincia y Naci\u00f3n"},"content":{"rendered":"\n<p>La&nbsp;<strong>Provincia<\/strong>&nbsp;ya convoc\u00f3 a&nbsp;<strong>elecciones unificadas con Naci\u00f3n<\/strong>&nbsp;para el&nbsp;<strong>26 de octubre<\/strong>&nbsp;y&nbsp;<strong>cinco intendentes<\/strong>&nbsp;adhirieron a lo resuelto por el gobernador&nbsp;<strong>Alfredo Cornejo<\/strong>.<\/p>\n\n\n\n<p>Se trata de&nbsp;<strong>Capital, Jun\u00edn, Godoy Cruz, Las Heras y San Mart\u00edn<\/strong>, cuyos intendentes promulgaron el llamado a comicios para la misma fecha que Naci\u00f3n y Provincia en sus departamentos, con la implementaci\u00f3n de la&nbsp;<strong>Boleta \u00danica de Papel.<\/strong><\/p>\n\n\n\n<p>La medida se toma, a su vez, cuando est\u00e1 por cerrarse el acuerdo electoral entre Alfredo Cornejo y el presidente Javier Milei, es decir, entre Cambia Mendoza y La Libertad Avanza.<\/p>\n\n\n\n<p>Los decretos municipales publicados en el Bolet\u00edn Oficial de este mi\u00e9rcoles resaltaron que la convocatoria se realiza\u00a0<strong>a 90 d\u00edas del acto electoral.<\/strong><\/p>\n\n\n\n<p>Tambi\u00e9n disponen la forma en que deben votar los ciudadanos extranjeros registrados en el padr\u00f3n electoral.<\/p>\n\n\n\n<p><strong>Capital tiene que renovar seis bancas en el Concejo Deliberante; Jun\u00edn otros cinco; Godoy Cruz, seis; Las Heras, seis y San Mart\u00edn, tambi\u00e9n seis esca\u00f1os.<\/strong><\/p>\n\n\n\n<p>Los decretos llevan la firma de los intendentes\u00a0<strong>Ulpiano Suarez<\/strong>,\u00a0<strong>Mario Abed<\/strong>,\u00a0<strong>Francisco Lo Presti<\/strong>\u00a0y\u00a0<strong>Ra\u00fal Rufeil<\/strong>\u00a0y s\u00f3lo en el caso de Godoy Cruz la resoluci\u00f3n es firmada por la presidente del Concejo Deliberante,\u00a0<strong>Marcela Fern\u00e1ndez<\/strong>.<\/p>\n\n\n\n<p><strong>Fuente: www.elsol.com.ar<\/strong><\/p>\n","protected":false},"excerpt":{"rendered":"<p>La&nbsp;Provincia&nbsp;ya convoc\u00f3 a&nbsp;elecciones unificadas con Naci\u00f3n&nbsp;para el&nbsp;26 de octubre&nbsp;y&nbsp;cinco intendentes&nbsp;adhirieron a lo resuelto por el gobernador&nbsp;Alfredo Cornejo. Se trata de&nbsp;Capital, Jun\u00edn, Godoy Cruz, Las Heras y San Mart\u00edn, cuyos intendentes promulgaron el llamado a comicios para la misma fecha que Naci\u00f3n y Provincia en sus departamentos, con la implementaci\u00f3n de la&nbsp;Boleta \u00danica de Papel. La [&hellip;]<\/p>\n","protected":false},"author":2,"featured_media":13964,"comment_status":"open","ping_status":"open","sticky":false,"template":"","format":"standard","meta":[],"categories":[47],"tags":[],"_links":{"self":[{"href":"https:\/\/pasaenmendoza.com\/index.php?rest_route=\/wp\/v2\/posts\/13963"}],"collection":[{"href":"https:\/\/pasaenmendoza.com\/index.php?rest_route=\/wp\/v2\/posts"}],"about":[{"href":"https:\/\/pasaenmendoza.com\/index.php?rest_route=\/wp\/v2\/types\/post"}],"author":[{"embeddable":true,"href":"https:\/\/pasaenmendoza.com\/index.php?rest_route=\/wp\/v2\/users\/2"}],"replies":[{"embeddable":true,"href":"https:\/\/pasaenmendoza.com\/index.php?rest_route=%2Fwp%2Fv2%2Fcomments&post=13963"}],"version-history":[{"count":1,"href":"https:\/\/pasaenmendoza.com\/index.php?rest_route=\/wp\/v2\/posts\/13963\/revisions"}],"predecessor-version":[{"id":13965,"href":"https:\/\/pasaenmendoza.com\/index.php?rest_route=\/wp\/v2\/posts\/13963\/revisions\/13965"}],"wp:featuredmedia":[{"embeddable":true,"href":"https:\/\/pasaenmendoza.com\/index.php?rest_route=\/wp\/v2\/media\/13964"}],"wp:attachment":[{"href":"https:\/\/pasaenmendoza.com\/index.php?rest_route=%2Fwp%2Fv2%2Fmedia&parent=13963"}],"wp:term":[{"taxonomy":"category","embeddable":true,"href":"https:\/\/pasaenmendoza.com\/index.php?rest_route=%2Fwp%2Fv2%2Fcategories&post=13963"},{"taxonomy":"post_tag","embeddable":true,"href":"https:\/\/pasaenmendoza.com\/index.php?rest_route=%2Fwp%2Fv2%2Ftags&post=13963"}],"curies":[{"name":"wp","href":"https:\/\/api.w.org\/{rel}","templated":true}]}}