{"id":13969,"date":"2025-07-17T00:48:31","date_gmt":"2025-07-16T22:48:31","guid":{"rendered":"https:\/\/pasaenmendoza.com\/?p=13969"},"modified":"2025-07-17T00:48:32","modified_gmt":"2025-07-16T22:48:32","slug":"godoy-cruz-esta-en-su-cuenta-regresiva-para-el-estreno-oficial-del-feliciano-gambarte-ante-sarmiento-de-junin","status":"publish","type":"post","link":"https:\/\/pasaenmendoza.com\/?p=13969","title":{"rendered":"Godoy Cruz est\u00e1 en su cuenta regresiva para el estreno oficial del Feliciano Gambarte ante Sarmiento de Jun\u00edn"},"content":{"rendered":"\n<p>El plantel profesional del\u00a0<strong>Club Godoy Cruz Antonio Tomba<\/strong>\u00a0este mi\u00e9rcoles entren\u00f3 en el estadio Feliciano Gambarte de cara a su estreno oficial en su estadio ante Sarmiento de Jun\u00edn, por la 2\u00aa fecha de la Zona B del Torneo Clausura. El\u00a0<em>Expreso\u00a0<\/em>volver\u00e1 a jugar de forma oficial en el renovado reducto tras 20 a\u00f1os de espera.<\/p>\n\n\n\n<p>El encuentro se disputar\u00e1 este s\u00e1bado 19 de julio desde las 18.45.\u00a0El 5 de julio fue la reinauguraci\u00f3n del\u00a0<strong>Feliciano Gambarte\u00a0<\/strong>con un evento que fue hist\u00f3rico.<\/p>\n\n\n\n<p>En sus redes sociales, el Tomba subi\u00f3 algunas fotos del plantel realizando la pr\u00e1ctica en el estadio\u00a0<em>bodeguero<\/em>. En casa \u00a1Nos preparamos para este s\u00e1bado!, fue el posteo que hicieron en sus redes sociales.<\/p>\n\n\n\n<h2 class=\"wp-block-heading\">La probable formaci\u00f3n de Godoy Cruz para jugar frente a Sarmiento de Jun\u00edn<\/h2>\n\n\n\n<p>Por Godoy Cruz ingresar\u00edan: Franco Petroli; Leonardo Jara o Lucas Arce, Mateo Mendoza, Federico Rasmussen, Andr\u00e9s Meli; Facundo Altamira, Nicol\u00e1s Fern\u00e1ndez, Vicente Poggi, Gonzalo Abrego o Guillermo Pol Fern\u00e1ndez, Santino Andino; Agust\u00edn Auzmendi, ser\u00eda el posible equipo para enfrentar a Sarmiento.<\/p>\n\n\n\n<p>El\u00a0<em>Tomba\u00a0<\/em>en la primera fecha viene de igualar 1 a 1 ante Rosario Central, en el\u00a0<em>Gigante de Arroyito\u00a0<\/em>y ahora buscar\u00e1 lograr su primera victoria en el certamen.<\/p>\n\n\n\n<h2 class=\"wp-block-heading\">Los tres \u00faltimos refuerzos del Club Godoy Cruz Antonio Tomba<\/h2>\n\n\n\n<p><strong>Walter Montoya<\/strong>, volante que lleg\u00f3 proveniente de Defensor Sporting de Uruguay,&nbsp;<strong>Maximiliano Gonz\u00e1lez<\/strong>, mediocampista quien se sum\u00f3 al plantel procedente de Lan\u00fas en condici\u00f3n de pr\u00e9stamo por seis meses y&nbsp;<strong>Nicol\u00e1s Cl\u00e1a<\/strong>, arquero titular de la Reserva de Lan\u00fas que tiene 20 a\u00f1os cuenta con un importante recorrido en la Reserva que conduce Rodrigo Acosta.<\/p>\n\n\n\n<p>Sum\u00f3 32 partidos como titular, de los cuales en ocho partidos mantuvo su valla en cero.<\/p>\n\n\n\n<h2 class=\"wp-block-heading\">Se espera una gran convocatoria en el Feliciano Gambarte<\/h2>\n\n\n\n<p>Se espera un gran marco de p\u00fablico para ver este s\u00e1bado a Godoy Cruz en el Feliciano Gambarte. Se han sumado una enorme cantidad de socios en la vuelta al Feliciano Gambarte.<\/p>\n\n\n\n<p>Su \u00faltimo partido fue el 18 de junio ante Tiro Federal de Rosario, su regreso ser\u00e1 este 19 de julio de 2025\u00a0<strong>Sarmiento de Jun\u00edn<\/strong>, por la fecha 2 del\u00a0<strong>Torneo Clausura\u00a0<\/strong>de Primera Divisi\u00f3n.<\/p>\n\n\n\n<p><strong>Fuente: www.diariouno.com.ar<\/strong><\/p>\n","protected":false},"excerpt":{"rendered":"<p>El plantel profesional del\u00a0Club Godoy Cruz Antonio Tomba\u00a0este mi\u00e9rcoles entren\u00f3 en el estadio Feliciano Gambarte de cara a su estreno oficial en su estadio ante Sarmiento de Jun\u00edn, por la 2\u00aa fecha de la Zona B del Torneo Clausura. El\u00a0Expreso\u00a0volver\u00e1 a jugar de forma oficial en el renovado reducto tras 20 a\u00f1os de espera. El [&hellip;]<\/p>\n","protected":false},"author":2,"featured_media":13970,"comment_status":"open","ping_status":"open","sticky":false,"template":"","format":"standard","meta":[],"categories":[81],"tags":[],"_links":{"self":[{"href":"https:\/\/pasaenmendoza.com\/index.php?rest_route=\/wp\/v2\/posts\/13969"}],"collection":[{"href":"https:\/\/pasaenmendoza.com\/index.php?rest_route=\/wp\/v2\/posts"}],"about":[{"href":"https:\/\/pasaenmendoza.com\/index.php?rest_route=\/wp\/v2\/types\/post"}],"author":[{"embeddable":true,"href":"https:\/\/pasaenmendoza.com\/index.php?rest_route=\/wp\/v2\/users\/2"}],"replies":[{"embeddable":true,"href":"https:\/\/pasaenmendoza.com\/index.php?rest_route=%2Fwp%2Fv2%2Fcomments&post=13969"}],"version-history":[{"count":1,"href":"https:\/\/pasaenmendoza.com\/index.php?rest_route=\/wp\/v2\/posts\/13969\/revisions"}],"predecessor-version":[{"id":13971,"href":"https:\/\/pasaenmendoza.com\/index.php?rest_route=\/wp\/v2\/posts\/13969\/revisions\/13971"}],"wp:featuredmedia":[{"embeddable":true,"href":"https:\/\/pasaenmendoza.com\/index.php?rest_route=\/wp\/v2\/media\/13970"}],"wp:attachment":[{"href":"https:\/\/pasaenmendoza.com\/index.php?rest_route=%2Fwp%2Fv2%2Fmedia&parent=13969"}],"wp:term":[{"taxonomy":"category","embeddable":true,"href":"https:\/\/pasaenmendoza.com\/index.php?rest_route=%2Fwp%2Fv2%2Fcategories&post=13969"},{"taxonomy":"post_tag","embeddable":true,"href":"https:\/\/pasaenmendoza.com\/index.php?rest_route=%2Fwp%2Fv2%2Ftags&post=13969"}],"curies":[{"name":"wp","href":"https:\/\/api.w.org\/{rel}","templated":true}]}}