{"id":13972,"date":"2025-07-17T00:51:36","date_gmt":"2025-07-16T22:51:36","guid":{"rendered":"https:\/\/pasaenmendoza.com\/?p=13972"},"modified":"2025-07-17T00:51:37","modified_gmt":"2025-07-16T22:51:37","slug":"trabajadores-de-parques-y-paseos-cerraron-el-acuerdo-paritario-con-el-gobierno","status":"publish","type":"post","link":"https:\/\/pasaenmendoza.com\/?p=13972","title":{"rendered":"Trabajadores de Parques y Paseos cerraron el acuerdo paritario con el Gobierno"},"content":{"rendered":"\n<p>Los\u00a0<strong>trabajadores<\/strong>\u00a0del r\u00e9gimen 13 Parques y Paseos lograron este mi\u00e9rcoles un\u00a0<strong>acuerdo salarial<\/strong>\u00a0con el\u00a0<strong>Gobierno<\/strong>\u00a0y ya son siete los\u00a0<strong>gremios<\/strong>\u00a0que cerraron\u00a0<strong>paritarias.<\/strong>\u00a0Al igual que los dem\u00e1s\u00a0<strong>sindicatos<\/strong>\u00a0acordaron un aumento de 10% dividido en julio, septiembre y noviembre.<\/p>\n\n\n\n<p>Adem\u00e1s, obtuvieron la incorporaci\u00f3n progresiva al b\u00e1sico de revista de un porcentaje del &#8220;Adicional Parque General San Mart\u00edn&#8221; en julio, septiembre y noviembre.<\/p>\n\n\n\n<p>Hasta ahora, son siete los\u00a0<strong>gremios<\/strong>\u00a0que aceptaron adem\u00e1s de los empleados de Parques y Paseos: Direcci\u00f3n Provincial de Vialidad (Sitravi), Sindicato Unido de Trabajadores de la Educaci\u00f3n (SUTE), Funcionarios Judiciales, Fiscal\u00eda de Estado, Tribunal de Cuentas (APOC) y Profesionales de la Salud (AMPROS).<\/p>\n\n\n\n<p>Con sus \u00edtems particulares, AMPROS acept\u00f3 el mismo acuerdo pero con malestar. M\u00e1s all\u00e1 de la firma, el&nbsp;<strong>gremio<\/strong>&nbsp;indic\u00f3 que el ofrecimiento contin\u00faa atrasado en cuanto a la gran p\u00e9rdida en los salarios que tuvieron los profesionales de la salud en los \u00faltimos a\u00f1os.<\/p>\n\n\n\n<p>La secretaria general de AMPROS,<strong>&nbsp;Claudia Iturbe,<\/strong>&nbsp;expres\u00f3: &#8220;La lucha continuar\u00e1 y participaremos de la jornada nacional planteada para el este jueves 17 tanto en Buenos Aires, con mi presencia, como en Mendoza, en el Hospital Central desde la 9.30&#8221;.<\/p>\n\n\n\n<h2 class=\"wp-block-heading\">El SUTE acept\u00f3 por amplia mayor\u00eda<\/h2>\n\n\n\n<p>La votaci\u00f3n aceptada en los plenarios del SUTE realizados el mi\u00e9rcoles de la semana pasada fue por amplia mayor\u00eda. Diecis\u00e9is de los 18 departamentos dieron el s\u00ed a la propuesta del&nbsp;<strong>Gobierno.<\/strong>&nbsp;S\u00f3lo Tunuy\u00e1n y San Carlos la rechazaron.<\/p>\n\n\n\n<h2 class=\"wp-block-heading\">ATE a\u00fan no cierra paritarias<\/h2>\n\n\n\n<p>El\u00a0<strong>gremio<\/strong>\u00a0conducido por\u00a0<strong>Roberto<\/strong>\u00a0Macho, la Asociaci\u00f3n de Trabajadores del Estado (ATE), a\u00fan no acuerda con el\u00a0<strong>Gobierno<\/strong>\u00a0y lo \u00faltimo que sucedi\u00f3 fue un amplio rechazo a la propuesta del Ejecutivo. En un documento explicaron que el incremento salarial fue &#8220;insuficiente&#8221; y que &#8220;no responde a los reclamos esenciales que dejamos asentados en audiencias anteriores&#8221;.<\/p>\n\n\n\n<p><strong>Fuente: www.diariouno.com.ar<\/strong><\/p>\n","protected":false},"excerpt":{"rendered":"<p>Los\u00a0trabajadores\u00a0del r\u00e9gimen 13 Parques y Paseos lograron este mi\u00e9rcoles un\u00a0acuerdo salarial\u00a0con el\u00a0Gobierno\u00a0y ya son siete los\u00a0gremios\u00a0que cerraron\u00a0paritarias.\u00a0Al igual que los dem\u00e1s\u00a0sindicatos\u00a0acordaron un aumento de 10% dividido en julio, septiembre y noviembre. Adem\u00e1s, obtuvieron la incorporaci\u00f3n progresiva al b\u00e1sico de revista de un porcentaje del &#8220;Adicional Parque General San Mart\u00edn&#8221; en julio, septiembre y noviembre. Hasta [&hellip;]<\/p>\n","protected":false},"author":2,"featured_media":13973,"comment_status":"open","ping_status":"open","sticky":false,"template":"","format":"standard","meta":[],"categories":[55],"tags":[],"_links":{"self":[{"href":"https:\/\/pasaenmendoza.com\/index.php?rest_route=\/wp\/v2\/posts\/13972"}],"collection":[{"href":"https:\/\/pasaenmendoza.com\/index.php?rest_route=\/wp\/v2\/posts"}],"about":[{"href":"https:\/\/pasaenmendoza.com\/index.php?rest_route=\/wp\/v2\/types\/post"}],"author":[{"embeddable":true,"href":"https:\/\/pasaenmendoza.com\/index.php?rest_route=\/wp\/v2\/users\/2"}],"replies":[{"embeddable":true,"href":"https:\/\/pasaenmendoza.com\/index.php?rest_route=%2Fwp%2Fv2%2Fcomments&post=13972"}],"version-history":[{"count":1,"href":"https:\/\/pasaenmendoza.com\/index.php?rest_route=\/wp\/v2\/posts\/13972\/revisions"}],"predecessor-version":[{"id":13974,"href":"https:\/\/pasaenmendoza.com\/index.php?rest_route=\/wp\/v2\/posts\/13972\/revisions\/13974"}],"wp:featuredmedia":[{"embeddable":true,"href":"https:\/\/pasaenmendoza.com\/index.php?rest_route=\/wp\/v2\/media\/13973"}],"wp:attachment":[{"href":"https:\/\/pasaenmendoza.com\/index.php?rest_route=%2Fwp%2Fv2%2Fmedia&parent=13972"}],"wp:term":[{"taxonomy":"category","embeddable":true,"href":"https:\/\/pasaenmendoza.com\/index.php?rest_route=%2Fwp%2Fv2%2Fcategories&post=13972"},{"taxonomy":"post_tag","embeddable":true,"href":"https:\/\/pasaenmendoza.com\/index.php?rest_route=%2Fwp%2Fv2%2Ftags&post=13972"}],"curies":[{"name":"wp","href":"https:\/\/api.w.org\/{rel}","templated":true}]}}