{"id":13976,"date":"2025-07-17T00:54:07","date_gmt":"2025-07-16T22:54:07","guid":{"rendered":"https:\/\/pasaenmendoza.com\/?p=13976"},"modified":"2025-07-17T00:54:08","modified_gmt":"2025-07-16T22:54:08","slug":"flor-destefanis-puso-a-disposicion-su-candidatura-en-pos-de-la-unidad-del-peronismo-quien-asoma-en-la-lista","status":"publish","type":"post","link":"https:\/\/pasaenmendoza.com\/?p=13976","title":{"rendered":"Flor Dest\u00e9fanis puso a disposici\u00f3n su candidatura en pos de la unidad del peronismo: qui\u00e9n asoma en la lista"},"content":{"rendered":"\n<p><strong>Flor Dest\u00e9fanis<\/strong>\u00a0puso a disposici\u00f3n su candidatura a diputada nacional, con el fin de\u00a0que el\u00a0<strong>peronismo<\/strong>\u00a0acuerde una lista de \u201cunidad\u201d incluyendo al kirchnerismo\u00a0liderado por Anabel Fern\u00e1ndez Sagasti.<\/p>\n\n\n\n<p>Las negociaciones se intensificaron despu\u00e9s de que el Partido Justicialista anunciara mediante su Junta Electoral una lista de candidatos nacionales liderada por&nbsp;<strong>Emir F\u00e9lix<\/strong>, con presencia solo del sector de los \u201cintendentes\u201d.<\/p>\n\n\n\n<p>En las \u00faltimas horas, el acuerdo se fue perfeccionando y, aunque todo puede cambiar y no est\u00e1 nada cerrado, el segundo lugar de la lista de diputados ser\u00eda propiedad de una camporista. El primer nombre que suena es el de\u00a0<strong>Marisa Uceda<\/strong>, quien busca volver al Congreso; aunque tambi\u00e9n surgen otros como el de la actual diputada provincial Valentina Mor\u00e1n o el de la concejala de Luj\u00e1n de Cuyo Paloma Scalco.<\/p>\n\n\n\n<p>\u201cSiempre sostuve que dividirnos s\u00f3lo serv\u00eda para ocultar el desastre de la gesti\u00f3n de Cornejo y la crueldad de Milei\u201d, expres\u00f3&nbsp;<strong>Dest\u00e9fanis<\/strong>&nbsp;en redes al anunciar su paso al costado.<\/p>\n\n\n\n<h2 class=\"wp-block-heading\"><strong>Principio de acuerdo en el peronismo<\/strong><\/h2>\n\n\n\n<p>\u201cComo militante e intendenta de un espacio que trabaja por la reconstrucci\u00f3n del&nbsp;<strong>peronismo&nbsp;<\/strong>y el futuro de Mendoza, he decidido poner mi candidatura a diputada nacional a disposici\u00f3n del PJ con el objetivo de lograr la unidad\u201d, anunci\u00f3 Flor Dest\u00e9fanis por la red social X.<\/p>\n\n\n\n<p>La decisi\u00f3n es parte de un principio de acuerdo que sigue en discusi\u00f3n entre la actual conducci\u00f3n del&nbsp;<strong>peronismo<\/strong>&nbsp;y el sector que lidera Fern\u00e1ndez Sagasti.<\/p>\n\n\n\n<p>Las conversaciones se mantienen en pos de lograr tambi\u00e9n&nbsp;<strong>listas unificadas<\/strong>&nbsp;de candidatos a diputados y senadores provinciales y de concejales en los departamentos; una de las condiciones que habr\u00eda puesto el&nbsp;<strong>kirchnerismo&nbsp;<\/strong>para acordar.<\/p>\n\n\n\n<p>En esas listas encontrar\u00edan lugar tambi\u00e9n otros sectores como los que representan a sindicatos y organizaciones sociales.<\/p>\n\n\n\n<h2 class=\"wp-block-heading\">Ya son dos los intendentes peronistas que unifican<\/h2>\n\n\n\n<p>Edgardo Gonz\u00e1lez, de\u00a0<strong>Lavalle<\/strong>, fue el primer intendente peronista en confirmar que en su departamento, las\u00a0<strong>elecciones\u00a0<\/strong>a concejales ser\u00e1n el 26 de octubre, al igual que las de legisladores provinciales y las de diputados nacionales.<\/p>\n\n\n\n<p>Tras \u00e9l, se conoci\u00f3 la decisi\u00f3n de&nbsp;<strong>Malarg\u00fce<\/strong>, liderado por Celso Jaque, quien ya firm\u00f3 el decreto municipal N\u00b0 869\/ 2025 de unificaci\u00f3n. &#8220;Queremos simplificar el proceso electoral para nuestra ciudadan\u00eda. Entendemos que no es sano, en el momento que atravesamos, generar instancias electorales en demas\u00eda&#8221;, se\u00f1al\u00f3 el intendente.<\/p>\n\n\n\n<p>El tiempo l\u00edmite para que resolver la unificaci\u00f3n de las\u00a0<strong>elecciones\u00a0<\/strong>departamentales se cumple este viernes 18 de julio. Si los intendentes nada expresan hasta entonces, se infiere el desdoblamiento, con fecha electoral para el 22 de febrero de 2026.<\/p>\n\n\n\n<p><strong>Fuente: www.diariouno.com.ar<\/strong><\/p>\n","protected":false},"excerpt":{"rendered":"<p>Flor Dest\u00e9fanis\u00a0puso a disposici\u00f3n su candidatura a diputada nacional, con el fin de\u00a0que el\u00a0peronismo\u00a0acuerde una lista de \u201cunidad\u201d incluyendo al kirchnerismo\u00a0liderado por Anabel Fern\u00e1ndez Sagasti. Las negociaciones se intensificaron despu\u00e9s de que el Partido Justicialista anunciara mediante su Junta Electoral una lista de candidatos nacionales liderada por&nbsp;Emir F\u00e9lix, con presencia solo del sector de los [&hellip;]<\/p>\n","protected":false},"author":2,"featured_media":13977,"comment_status":"open","ping_status":"open","sticky":false,"template":"","format":"standard","meta":[],"categories":[47],"tags":[],"_links":{"self":[{"href":"https:\/\/pasaenmendoza.com\/index.php?rest_route=\/wp\/v2\/posts\/13976"}],"collection":[{"href":"https:\/\/pasaenmendoza.com\/index.php?rest_route=\/wp\/v2\/posts"}],"about":[{"href":"https:\/\/pasaenmendoza.com\/index.php?rest_route=\/wp\/v2\/types\/post"}],"author":[{"embeddable":true,"href":"https:\/\/pasaenmendoza.com\/index.php?rest_route=\/wp\/v2\/users\/2"}],"replies":[{"embeddable":true,"href":"https:\/\/pasaenmendoza.com\/index.php?rest_route=%2Fwp%2Fv2%2Fcomments&post=13976"}],"version-history":[{"count":1,"href":"https:\/\/pasaenmendoza.com\/index.php?rest_route=\/wp\/v2\/posts\/13976\/revisions"}],"predecessor-version":[{"id":13978,"href":"https:\/\/pasaenmendoza.com\/index.php?rest_route=\/wp\/v2\/posts\/13976\/revisions\/13978"}],"wp:featuredmedia":[{"embeddable":true,"href":"https:\/\/pasaenmendoza.com\/index.php?rest_route=\/wp\/v2\/media\/13977"}],"wp:attachment":[{"href":"https:\/\/pasaenmendoza.com\/index.php?rest_route=%2Fwp%2Fv2%2Fmedia&parent=13976"}],"wp:term":[{"taxonomy":"category","embeddable":true,"href":"https:\/\/pasaenmendoza.com\/index.php?rest_route=%2Fwp%2Fv2%2Fcategories&post=13976"},{"taxonomy":"post_tag","embeddable":true,"href":"https:\/\/pasaenmendoza.com\/index.php?rest_route=%2Fwp%2Fv2%2Ftags&post=13976"}],"curies":[{"name":"wp","href":"https:\/\/api.w.org\/{rel}","templated":true}]}}